{"id":265,"date":"2012-03-03T21:49:07","date_gmt":"2012-03-03T20:49:07","guid":{"rendered":"http:\/\/www.asso-unil.ch\/grc\/?p=265"},"modified":"2012-03-03T21:52:26","modified_gmt":"2012-03-03T20:52:26","slug":"crise-economique-et-exclusion-sociale-des-pratiques-aux-discours","status":"publish","type":"post","link":"https:\/\/www.asso-unil.ch\/grc\/2012\/03\/crise-economique-et-exclusion-sociale-des-pratiques-aux-discours\/","title":{"rendered":"Crise \u00e9conomique et exclusion sociale: Des pratiques aux discours"},"content":{"rendered":"<div>\n<p>28 avril et 4-5 mai 1993<\/p>\n<p>Programme<\/p>\n<p>A. BIHR: Les r\u00e9percussions de la crise \u00e9conomique sur le mouvement ouvrier: quelles contre-mesures, quelles perspectives?<\/p>\n<p>J. FREYSSINET: Ch\u00f4mage conjoncturel et ch\u00f4mage structurel<\/p>\n<p>C. GUILLAUMIN: Sexisme et racisme<\/p>\n<p>H. HIRATA: Femme, travail et crise \u00e9conomique<\/p>\n<p>H.U. JOST: Crise et mont\u00e9e de l&rsquo;extr\u00eame droite en Suisse: l&rsquo;exemple des ann\u00e9es `30<\/p>\n<p>M. KELLENER: Extr\u00eame droite et racisme en Allemagne<\/p>\n<p>J. KERGOAT: Quelle r\u00e9ponse \u00e0 la mont\u00e9e de l&rsquo;extr\u00eame droite?<\/p>\n<p>R. MONZAT: Extr\u00eame droite et racisme en France<\/p>\n<p>P. TORT: Le pur et le dur: id\u00e9ologies de crise, id\u00e9ologies en crise<\/p>\n<p>&nbsp;<\/p>\n<\/div>\n","protected":false},"excerpt":{"rendered":"<p>28 avril et 4-5 mai 1993 Programme A. BIHR: Les r\u00e9percussions de la crise \u00e9conomique sur le mouvement ouvrier: quelles contre-mesures, quelles perspectives? J. FREYSSINET: Ch\u00f4mage conjoncturel et ch\u00f4mage structurel &hellip; <\/p>\n","protected":false},"author":7,"featured_media":0,"comment_status":"closed","ping_status":"closed","sticky":false,"template":"","format":"standard","meta":{"_seopress_robots_primary_cat":"","_seopress_titles_title":"","_seopress_titles_desc":"","_seopress_robots_index":"","footnotes":""},"categories":[32],"tags":[],"class_list":{"0":"post-265","1":"post","2":"type-post","3":"status-publish","4":"format-standard","6":"category-economie-finance"},"_links":{"self":[{"href":"https:\/\/www.asso-unil.ch\/grc\/wp-json\/wp\/v2\/posts\/265","targetHints":{"allow":["GET"]}}],"collection":[{"href":"https:\/\/www.asso-unil.ch\/grc\/wp-json\/wp\/v2\/posts"}],"about":[{"href":"https:\/\/www.asso-unil.ch\/grc\/wp-json\/wp\/v2\/types\/post"}],"author":[{"embeddable":true,"href":"https:\/\/www.asso-unil.ch\/grc\/wp-json\/wp\/v2\/users\/7"}],"replies":[{"embeddable":true,"href":"https:\/\/www.asso-unil.ch\/grc\/wp-json\/wp\/v2\/comments?post=265"}],"version-history":[{"count":0,"href":"https:\/\/www.asso-unil.ch\/grc\/wp-json\/wp\/v2\/posts\/265\/revisions"}],"wp:attachment":[{"href":"https:\/\/www.asso-unil.ch\/grc\/wp-json\/wp\/v2\/media?parent=265"}],"wp:term":[{"taxonomy":"category","embeddable":true,"href":"https:\/\/www.asso-unil.ch\/grc\/wp-json\/wp\/v2\/categories?post=265"},{"taxonomy":"post_tag","embeddable":true,"href":"https:\/\/www.asso-unil.ch\/grc\/wp-json\/wp\/v2\/tags?post=265"}],"curies":[{"name":"wp","href":"https:\/\/api.w.org\/{rel}","templated":true}]}}