{"id":2615,"date":"2021-03-30T17:05:36","date_gmt":"2021-03-30T15:05:36","guid":{"rendered":"https:\/\/www.asso-unil.ch\/grc\/?p=2615"},"modified":"2021-04-15T21:03:10","modified_gmt":"2021-04-15T19:03:10","slug":"pandemie-crise-globale-et-ecosocialisme-2","status":"publish","type":"post","link":"https:\/\/www.asso-unil.ch\/grc\/2021\/03\/pandemie-crise-globale-et-ecosocialisme-2\/","title":{"rendered":"Pand\u00e9mie, crise globale et \u00e9cosocialisme"},"content":{"rendered":"<p><a href=\"https:\/\/www.asso-unil.ch\/grc\/files\/2021\/03\/image2-36-700x470-3.jpg\"><img alt=\"\" loading=\"lazy\" decoding=\"async\" class=\" wp-image-2645 aligncenter\" src=\"https:\/\/www.asso-unil.ch\/grc\/files\/2021\/03\/image2-36-700x470-3-300x201.jpg\" alt=\"\" width=\"372\" height=\"249\" srcset=\"https:\/\/www.asso-unil.ch\/grc\/files\/2021\/03\/image2-36-700x470-3-300x201.jpg 300w, https:\/\/www.asso-unil.ch\/grc\/files\/2021\/03\/image2-36-700x470-3.jpg 700w\" sizes=\"auto, (max-width: 372px) 100vw, 372px\" \/><\/a><a href=\"https:\/\/www.asso-unil.ch\/grc\/files\/2021\/03\/image2-36-700x470-2.jpg\"><br \/>\n<\/a><\/p>\n<p><b>Jeudi 15 avril \u00e0 16h30 sur \u00a0Zoom : https:\/\/unil.zoom.us\/j\/96721552147<\/b><\/p>\n<p>La discussion sera introduite par <b>Daniel Tanuro<\/b>, ing\u00e9nieur agronome et environnementaliste ainsi que fondateur de l\u2019ONG belge \u00ab\u00a0climat et justice sociale\u00a0\u00bb. Daniel Tanuro est \u00e9galement membre de la Gauche anticapitaliste belge et est l\u2019auteur de plusieurs ouvrages comme <i>L\u2019impossible capitalisme vert <\/i>et <i>Trop tard pour \u00eatre pessimistes ! \u00c9cosocialisme ou effondrement<span class=\"Apple-converted-space\">\u00a0<\/span><\/i><\/p>\n<p>Nous vivons actuellement un \u00e9v\u00e9nement historique mondial, la crise de la covid. En effet, le nombre de morts dus \u00e0 la pand\u00e9mie est consid\u00e9rable, mais surtout la machine capitaliste \u00e0 profits a \u00e9t\u00e9 quasiment arr\u00eat\u00e9e \u00e0 l\u2019\u00e9chelle mondiale. Cette crise globale intervient dans un contexte de r\u00e9cession pr\u00e9sent depuis 2019 d\u00e9j\u00e0 et l\u2019accentue de mani\u00e8re consid\u00e9rable. Le virus a \u00e9galement eu pour effet de d\u00e9placer le focus politique et m\u00e9diatique sur la vie et la mort et non plus sur des consid\u00e9rations purement conjoncturelles et d\u00e9tach\u00e9es du quotidien de la population. C\u2019est un changement majeur au niveau de l\u2019ambiance id\u00e9ologique.<\/p>\n<p>Cette pand\u00e9mie est une pand\u00e9mie de l\u2019anthropoc\u00e8ne, elle est moderne et ne constitue en aucun cas un retour vers des crises sanitaires des temps anciens. En effet, son origine et sa vitesse de diffusion sont le fait d\u2019activit\u00e9s humaines caract\u00e9ristiques de la p\u00e9riode dans laquelle nous vivons. Il est donc important de comprendre que la p\u00e9riode que nous traversons n\u2019est pas seulement une crise sanitaire, mais \u00e9galement une crise \u00e9cologie et sociale bien plus vaste.<\/p>\n<p>C\u2019est dans cette perspective que nous allons nous interroger sur les liens entre la pand\u00e9mie et la crise environnementale. Dans quel contexte de crise globale s\u2019inscrit la pand\u00e9mie\u00a0? Le SARS-CoV-2 peut-il permettre une prise de conscience sur les dangers de nos modes de production et mettre en p\u00e9ril le capitalisme\u00a0? La gestion capitaliste de la pand\u00e9mie permet-elle de pr\u00e9sager la future gestion des effets du bouleversement environnemental\u00a0? Quelles perspectives \u00e9cosocialistes cette crise ouvre-t-elle\u00a0?<\/p>\n<p>Pour en discuter , le Groupe regards critiques (GRC) vous invite \u00e0 participer \u00e0 sa prochaine s\u00e9ance.<\/p>\n<p>&nbsp;<\/p>\n","protected":false},"excerpt":{"rendered":"<p>Jeudi 15 avril \u00e0 16h30 sur \u00a0Zoom : https:\/\/unil.zoom.us\/j\/96721552147 La discussion sera introduite par Daniel Tanuro, ing\u00e9nieur agronome et environnementaliste ainsi que fondateur de l\u2019ONG belge \u00ab\u00a0climat et justice sociale\u00a0\u00bb. &hellip; <\/p>\n","protected":false},"author":1001190,"featured_media":0,"comment_status":"open","ping_status":"closed","sticky":false,"template":"","format":"standard","meta":{"_seopress_robots_primary_cat":"","_seopress_titles_title":"","_seopress_titles_desc":"","_seopress_robots_index":"","footnotes":""},"categories":[88,8,56],"tags":[],"class_list":{"0":"post-2615","1":"post","2":"type-post","3":"status-publish","4":"format-standard","6":"category-crise-sanitaire","7":"category-environnement","8":"category-revolution-mouvements-sociaux"},"_links":{"self":[{"href":"https:\/\/www.asso-unil.ch\/grc\/wp-json\/wp\/v2\/posts\/2615","targetHints":{"allow":["GET"]}}],"collection":[{"href":"https:\/\/www.asso-unil.ch\/grc\/wp-json\/wp\/v2\/posts"}],"about":[{"href":"https:\/\/www.asso-unil.ch\/grc\/wp-json\/wp\/v2\/types\/post"}],"author":[{"embeddable":true,"href":"https:\/\/www.asso-unil.ch\/grc\/wp-json\/wp\/v2\/users\/1001190"}],"replies":[{"embeddable":true,"href":"https:\/\/www.asso-unil.ch\/grc\/wp-json\/wp\/v2\/comments?post=2615"}],"version-history":[{"count":0,"href":"https:\/\/www.asso-unil.ch\/grc\/wp-json\/wp\/v2\/posts\/2615\/revisions"}],"wp:attachment":[{"href":"https:\/\/www.asso-unil.ch\/grc\/wp-json\/wp\/v2\/media?parent=2615"}],"wp:term":[{"taxonomy":"category","embeddable":true,"href":"https:\/\/www.asso-unil.ch\/grc\/wp-json\/wp\/v2\/categories?post=2615"},{"taxonomy":"post_tag","embeddable":true,"href":"https:\/\/www.asso-unil.ch\/grc\/wp-json\/wp\/v2\/tags?post=2615"}],"curies":[{"name":"wp","href":"https:\/\/api.w.org\/{rel}","templated":true}]}}