{"id":2586,"date":"2021-03-04T17:02:11","date_gmt":"2021-03-04T16:02:11","guid":{"rendered":"https:\/\/www.asso-unil.ch\/grc\/?p=2586"},"modified":"2021-03-19T09:56:48","modified_gmt":"2021-03-19T08:56:48","slug":"autoritarisme-numerique-et-espace-public-en-russie-le-phenomene-navalny","status":"publish","type":"post","link":"https:\/\/www.asso-unil.ch\/grc\/2021\/03\/autoritarisme-numerique-et-espace-public-en-russie-le-phenomene-navalny\/","title":{"rendered":"Autoritarisme num\u00e9rique et espace public en Russie. Le \u00ab\u00a0ph\u00e9nom\u00e8ne Navalny\u00a0\u00bb"},"content":{"rendered":"<p><a href=\"https:\/\/www.asso-unil.ch\/grc\/files\/2021\/03\/b565a45_5069110-01-06.jpg\"><img alt=\"\" loading=\"lazy\" decoding=\"async\" class=\" wp-image-2587 aligncenter\" src=\"https:\/\/www.asso-unil.ch\/grc\/files\/2021\/03\/b565a45_5069110-01-06-300x210.jpg\" alt=\"\" width=\"409\" height=\"286\" srcset=\"https:\/\/www.asso-unil.ch\/grc\/files\/2021\/03\/b565a45_5069110-01-06-300x210.jpg 300w, https:\/\/www.asso-unil.ch\/grc\/files\/2021\/03\/b565a45_5069110-01-06-1024x718.jpg 1024w, https:\/\/www.asso-unil.ch\/grc\/files\/2021\/03\/b565a45_5069110-01-06-768x538.jpg 768w, https:\/\/www.asso-unil.ch\/grc\/files\/2021\/03\/b565a45_5069110-01-06-135x93.jpg 135w, https:\/\/www.asso-unil.ch\/grc\/files\/2021\/03\/b565a45_5069110-01-06.jpg 1328w\" sizes=\"auto, (max-width: 409px) 100vw, 409px\" \/><\/a><\/p>\n<p><strong>Jeudi 11 mars \u00e0 16h30 sur \u00a0Zoom https:\/\/unil.zoom.us\/j\/8466580482<\/strong><\/p>\n<p><strong>Discussion introduite par:<\/strong>\u00a0Olga Bronnikova, enseignante-chercheuse \u00e0 l&rsquo;Universit\u00e9 Grenoble Alpes et sp\u00e9cialiste des\u00a0fronti\u00e8res num\u00e9riques et r\u00e9sistance en ligne.<\/p>\n<p>Depuis janvier 2021 des milliers de personnes descendent dans les rues des villes russes. \u00c0 l&rsquo;origine de la mobilisation\u00a0: le soutien \u00e0\u00a0Alexe\u00ef Navalny, blogueur empoisonn\u00e9 par les services secrets russes, soign\u00e9 en\u00a0Europe et arr\u00eat\u00e9 \u00e0 son retour dans le pays.<\/p>\n<p>Comment ce blogueur et militant anti-corruption a-t-il pu acqu\u00e9rir une telle stature pour que des centaines des milliers des Russes suivent son appel\u00a0? Un des facteurs qui rend une telle mobilisation possible &#8211;\u00a0l&rsquo;espace num\u00e9rique extr\u00eamement dynamique en Russie o\u00f9 le web constitue une plateforme d&rsquo;expression privil\u00e9gi\u00e9e pour les journalistes ind\u00e9pendants\u00a0et les militants politiques et civiques.<\/p>\n<p>L\u2019Internet et surtout les r\u00e9seaux sociaux sont per\u00e7us par le pouvoir russe comme une de ses menaces principales tandis que les citoyens y voient leur dernier bastion de libert\u00e9. Quel est l&rsquo;arsenal des mesures r\u00e9pressives que le pouvoir autoritaire met en place afin d&rsquo;\u00e9touffer les voix dissidentes sur Internet? Comment les internautes russes r\u00e9sistent-ils aux r\u00e9gulations du web et comment se mobilisent-ils politiquement via les r\u00e9seaux sociaux? Quelles sont leurs techniques de contournement des contraintes en ligne?<\/p>\n<p>Pour en discuter, nous invitons Olga Bronnikova, enseignante-chercheuse \u00e0 l&rsquo;Universit\u00e9 Grenoble Alpes et sp\u00e9cialiste des\u00a0fronti\u00e8res num\u00e9riques et r\u00e9sistance en ligne.<\/p>\n<p>&nbsp;<\/p>\n","protected":false},"excerpt":{"rendered":"<p>Jeudi 11 mars \u00e0 16h30 sur \u00a0Zoom https:\/\/unil.zoom.us\/j\/8466580482 Discussion introduite par:\u00a0Olga Bronnikova, enseignante-chercheuse \u00e0 l&rsquo;Universit\u00e9 Grenoble Alpes et sp\u00e9cialiste des\u00a0fronti\u00e8res num\u00e9riques et r\u00e9sistance en ligne. Depuis janvier 2021 des milliers &hellip; <\/p>\n","protected":false},"author":1001190,"featured_media":0,"comment_status":"open","ping_status":"closed","sticky":false,"template":"","format":"standard","meta":{"_seopress_robots_primary_cat":"","_seopress_titles_title":"","_seopress_titles_desc":"","_seopress_robots_index":"","footnotes":""},"categories":[54,14,56,85],"tags":[],"class_list":{"0":"post-2586","1":"post","2":"type-post","3":"status-publish","4":"format-standard","6":"category-media","7":"category-politique-societe-culture","8":"category-revolution-mouvements-sociaux","9":"category-technologie"},"_links":{"self":[{"href":"https:\/\/www.asso-unil.ch\/grc\/wp-json\/wp\/v2\/posts\/2586","targetHints":{"allow":["GET"]}}],"collection":[{"href":"https:\/\/www.asso-unil.ch\/grc\/wp-json\/wp\/v2\/posts"}],"about":[{"href":"https:\/\/www.asso-unil.ch\/grc\/wp-json\/wp\/v2\/types\/post"}],"author":[{"embeddable":true,"href":"https:\/\/www.asso-unil.ch\/grc\/wp-json\/wp\/v2\/users\/1001190"}],"replies":[{"embeddable":true,"href":"https:\/\/www.asso-unil.ch\/grc\/wp-json\/wp\/v2\/comments?post=2586"}],"version-history":[{"count":0,"href":"https:\/\/www.asso-unil.ch\/grc\/wp-json\/wp\/v2\/posts\/2586\/revisions"}],"wp:attachment":[{"href":"https:\/\/www.asso-unil.ch\/grc\/wp-json\/wp\/v2\/media?parent=2586"}],"wp:term":[{"taxonomy":"category","embeddable":true,"href":"https:\/\/www.asso-unil.ch\/grc\/wp-json\/wp\/v2\/categories?post=2586"},{"taxonomy":"post_tag","embeddable":true,"href":"https:\/\/www.asso-unil.ch\/grc\/wp-json\/wp\/v2\/tags?post=2586"}],"curies":[{"name":"wp","href":"https:\/\/api.w.org\/{rel}","templated":true}]}}