{"id":2548,"date":"2020-10-12T12:59:45","date_gmt":"2020-10-12T10:59:45","guid":{"rendered":"https:\/\/www.asso-unil.ch\/grc\/?p=2548"},"modified":"2021-09-06T20:38:15","modified_gmt":"2021-09-06T18:38:15","slug":"pourquoi-un-referendum-de-gauche-contre-la-loi-co2","status":"publish","type":"post","link":"https:\/\/www.asso-unil.ch\/grc\/2020\/10\/pourquoi-un-referendum-de-gauche-contre-la-loi-co2\/","title":{"rendered":"Pourquoi un r\u00e9f\u00e9rendum de gauche contre la loi CO2 ?"},"content":{"rendered":"<div class=\"page\" title=\"Page 1\">\n<div class=\"layoutArea\">\n<div class=\"column\">\n<p><a href=\"https:\/\/www.asso-unil.ch\/grc\/files\/2020\/10\/co2-4767453_1920-1024x678-1.jpg\"><br \/>\n<img alt=\"\" loading=\"lazy\" decoding=\"async\" class=\" wp-image-2549 aligncenter\" src=\"https:\/\/www.asso-unil.ch\/grc\/files\/2020\/10\/co2-4767453_1920-1024x678-1-300x199.jpg\" alt=\"\" width=\"393\" height=\"261\" srcset=\"https:\/\/www.asso-unil.ch\/grc\/files\/2020\/10\/co2-4767453_1920-1024x678-1-300x199.jpg 300w, https:\/\/www.asso-unil.ch\/grc\/files\/2020\/10\/co2-4767453_1920-1024x678-1-768x509.jpg 768w, https:\/\/www.asso-unil.ch\/grc\/files\/2020\/10\/co2-4767453_1920-1024x678-1.jpg 1024w\" sizes=\"auto, (max-width: 393px) 100vw, 393px\" \/><\/a><\/p>\n<p>Conf\u00e9rence donn\u00e9e par Joachim, militant de la Gr\u00e8ve du climat.<\/p>\n<h5><strong>En raison de la situation sanitaire, nous vous invitons vivement \u00e0 participer \u00e0 cette conf\u00e9rence par par Zoom(<a id=\"LPlnk873396\" class=\"OWAAutoLink\" href=\"https:\/\/unil.zoom.us\/j\/95256366874c\">https:\/\/unil.zoom.us\/j\/95256366874c<\/a>). Seules 16 places seront disponibles en salle pour le public.<\/strong><\/h5>\n<p>Jeudi 22.10.2020 \u00e0 16h30 au G\u00e9opolis, salle 2230 et sur Zoom (https:\/\/unil.zoom.us\/j\/95256366874c)<\/p>\n<p>Le 2 octobre, les sections romandes de la Gr\u00e8ve du climat ont annonc\u00e9 le lancement d\u2019un r\u00e9f\u00e9rendum de gauche contre la loi CO2. Plusieurs composantes de la gauche radicale (notamment solidarit\u00e9S et le POP) ont \u00e9galement annonc\u00e9 leur opposition \u00e0 cette loi d\u00e9fendue par une large coalition, allant du Parti lib\u00e9ral-radical aux Vert-e-s.<\/p>\n<p>Quelle est la gen\u00e8se de la loi CO2? Quelles en sont les principales dis- positions? Quel r\u00f4le ont jou\u00e9 les principaux groupes patronaux durant l\u2019\u00e9laboration de cette loi et comment se positionnent-ils \u00e0 son \u00e9gard? Quelles sont les raisons du lancement d\u2019un r\u00e9f\u00e9rendum de droite par l\u2019UDC? Pourquoi la coalition r\u00e9f\u00e9rendaire de gauche estime-t-elle aussi qu\u2019il faut combattre cette loi? Quels pourraient-\u00eatre les contours d\u2019un programme de transition \u00e9cosocialiste \u00e0 la hauteur des enjeux de notre temps ?<\/p>\n<p>Pour discuter des enjeux autour de la loi CO2, le Groupe regards cri- tiques (GRC) vous invite \u00e0 venir assister et participer \u00e0 cette conf\u00e9- rence.<\/p>\n<\/div>\n<\/div>\n<\/div>\n","protected":false},"excerpt":{"rendered":"<p>Conf\u00e9rence donn\u00e9e par Joachim, militant de la Gr\u00e8ve du climat. En raison de la situation sanitaire, nous vous invitons vivement \u00e0 participer \u00e0 cette conf\u00e9rence par par Zoom(https:\/\/unil.zoom.us\/j\/95256366874c). Seules 16 &hellip; <\/p>\n","protected":false},"author":1001190,"featured_media":0,"comment_status":"open","ping_status":"closed","sticky":false,"template":"","format":"standard","meta":{"_seopress_robots_primary_cat":"","_seopress_titles_title":"","_seopress_titles_desc":"","_seopress_robots_index":"","footnotes":""},"categories":[5,83,8,47],"tags":[],"class_list":{"0":"post-2548","1":"post","2":"type-post","3":"status-publish","4":"format-standard","6":"category-conference-debat","7":"category-critique-de-la-societe-industrielle","8":"category-environnement","9":"category-suisse"},"_links":{"self":[{"href":"https:\/\/www.asso-unil.ch\/grc\/wp-json\/wp\/v2\/posts\/2548","targetHints":{"allow":["GET"]}}],"collection":[{"href":"https:\/\/www.asso-unil.ch\/grc\/wp-json\/wp\/v2\/posts"}],"about":[{"href":"https:\/\/www.asso-unil.ch\/grc\/wp-json\/wp\/v2\/types\/post"}],"author":[{"embeddable":true,"href":"https:\/\/www.asso-unil.ch\/grc\/wp-json\/wp\/v2\/users\/1001190"}],"replies":[{"embeddable":true,"href":"https:\/\/www.asso-unil.ch\/grc\/wp-json\/wp\/v2\/comments?post=2548"}],"version-history":[{"count":0,"href":"https:\/\/www.asso-unil.ch\/grc\/wp-json\/wp\/v2\/posts\/2548\/revisions"}],"wp:attachment":[{"href":"https:\/\/www.asso-unil.ch\/grc\/wp-json\/wp\/v2\/media?parent=2548"}],"wp:term":[{"taxonomy":"category","embeddable":true,"href":"https:\/\/www.asso-unil.ch\/grc\/wp-json\/wp\/v2\/categories?post=2548"},{"taxonomy":"post_tag","embeddable":true,"href":"https:\/\/www.asso-unil.ch\/grc\/wp-json\/wp\/v2\/tags?post=2548"}],"curies":[{"name":"wp","href":"https:\/\/api.w.org\/{rel}","templated":true}]}}