{"id":2459,"date":"2019-09-14T20:51:58","date_gmt":"2019-09-14T18:51:58","guid":{"rendered":"http:\/\/www.asso-unil.ch\/grc\/?p=2459"},"modified":"2019-11-06T11:41:33","modified_gmt":"2019-11-06T10:41:33","slug":"cycle-de-discussions-quest-ce-que-letat-bourgeois","status":"publish","type":"post","link":"https:\/\/www.asso-unil.ch\/grc\/2019\/09\/cycle-de-discussions-quest-ce-que-letat-bourgeois\/","title":{"rendered":"Cycle de discussions : Qu&rsquo;est-ce que l&rsquo;Etat bourgeois ?"},"content":{"rendered":"<p>Qui d\u00e9tient le pouvoir ? Pourquoi les milieux qui l\u2019exercent paraissent-ils incapables de r\u00e9soudre des probl\u00e8mes r\u00e9currents et connus de l\u2019histoire r\u00e9cente comme la crise climatique, mettant en p\u00e9ril les conditions de vie sur terre ? Celles et ceux qui cherchent \u00e0 comprendre ce qui se passe sont amen\u00e9\u00b7es \u00e0 se poser la question du pouvoir et de ses manifestations probl\u00e9matiques de plus en plus visibles.<\/p>\n<p>Les feux de for\u00eat en Amazonie de cet \u00e9t\u00e9 illuminent les dispositions r\u00e9centes prises par le gouvernement Bolsonaro. Un million de manifestant\u00b7es \u00e0 Hong Kong d\u00e9fient depuis plusieurs mois l\u2019autoritarisme chinois. Les migrant\u00b7es meurent par milliers en M\u00e9diterran\u00e9e ou en Lybie et se heurtent aux refoulements et aux renvois violents. Avec discr\u00e9tion mais de mani\u00e8re tr\u00e8s s\u00e9rieuse, les milieux dirigeants se pr\u00e9parent \u00e0 une s\u00e9rieuse crise \u00e9conomique. L\u2019augmentation du temps de travail est \u00e0 l\u2019agenda des partis bourgeois.<\/p>\n<p>Chacun de ces exemples tr\u00e8s diff\u00e9rents les uns des autres est pourtant reli\u00e9 par un point commun : l\u2019exercice du pouvoir sous la forme de ce que l\u2019analyse marxiste nomme l\u2019Etat bourgeois. Comment peut-on d\u00e9finir un Etat ? Quelles en sont les principales composantes ? Quelles sont les origines de cette composante centrale des soci\u00e9t\u00e9s humaines contemporaines ? Quel est son r\u00f4le \u00e9conomique et social ?<\/p>\n<p>Le Groupe Regards Critiques propose de discuter de ces enjeux dans son premier module th\u00e9matique. Nos s\u00e9ances auront lieu\u00a0<strong>les jeudis, de 16h30 \u00e0 18h30, en salle 2137 du b\u00e2timent G\u00e9opolis \u00e0 l\u2019Unil (arr\u00eat Mouline)<\/strong>.<\/p>\n<p>En introduction, pour la s\u00e9ance du <strong>17 octobre 2019<\/strong> nous proposons de lire \u00ab\u00a0La conception marxiste de l\u2019Etat\u00a0\u00bb, texte d\u2019Ernest Mandel (1965). Dans ce texte, l\u2019\u00e9conomiste marxiste belge pr\u00e9sente de fa\u00e7on p\u00e9dagogique et simplifi\u00e9e les grandes lignes de l\u2019\u00e9volution historique de l\u2019Etat, du f\u00e9odalisme au 20<sup>e<\/sup> si\u00e8cle.<\/p>\n<ul>\n<li>\u00c0 lire ici : <a href=\"https:\/\/www.asso-unil.ch\/grc\/files\/2019\/09\/Ernest-Mandel-La-conception-marxiste-de-lE\u0301tat.pdf\">Ernest Mandel &#8211; La conception marxiste de l&rsquo;E?tat<\/a><\/li>\n<\/ul>\n<p>Le <strong>24 octobre 2019<\/strong>, pour la deuxi\u00e8me s\u00e9ance du cycle, nous vous proposons de discuter ensemble du texte de Joachim Hirsch, politologue et professeur \u00e9m\u00e9rite de l\u2019Universit\u00e9 de J. W. Goethe\u00a0: \u00ab\u00a0El\u00e9ments pour une th\u00e9orie mat\u00e9rialiste de l\u2019Etat.\u00a0\u00bb (Tir\u00e9 du livre \u00ab\u00a0L\u2019Etat contemporain et le marxisme\u00a0\u00bb, 1975). Ce texte aborde de fa\u00e7on un peu plus approfondie le r\u00f4le et les fonctions de l\u2019Etat bourgeois dans la soci\u00e9t\u00e9 capitaliste.<\/p>\n<ul>\n<li>\u00c0 lire ici : <a href=\"https:\/\/www.asso-unil.ch\/grc\/files\/2019\/09\/Joachim-Hirsch-Ele\u0301ments-pour-une-the\u0301orie-mate\u0301rialiste-de-lEtat.pdf\">Joachim Hirsch &#8211; Ele?ments pour une the?orie mate?rialiste de l&rsquo;Etat<\/a><\/li>\n<\/ul>\n<p>Pour conclure ce cycle, lors de la s\u00e9ance du 31 octobre 2019, nous recevons Nicola Cianferoni, auteur de <i>Travailler dans la grande distribution. La journ\u00e9e de travail va-t-elle redevenir une question sociale?,<\/i> Zurich et Gen\u00e8ve: Seismo, 2019. Son livre peut \u00eatre t\u00e9l\u00e9charg\u00e9 \u00e0 cette adresse\u00a0: <a href=\"https:\/\/doi.org\/10.33058\/seismo.20723\">https:\/\/doi.org\/10.33058\/seismo.20723<\/a>. L\u2019auteur, qui a r\u00e9alis\u00e9 des entretiens au sein de la grande distribution aupr\u00e8s des dirigeants, des travailleuses et travailleurs et de secr\u00e9taires syndicaux pr\u00e9sentera certains aspects de son \u00e9tude et discutera notamment de la tr\u00e8s actuelle question de la l\u00e9gislation du temps de travail en Suisse.<\/p>\n<p><a href=\"https:\/\/www.asso-unil.ch\/grc\/files\/2019\/09\/affiche-Etat-bourgeois.jpg\"><img alt=\"\" loading=\"lazy\" decoding=\"async\" class=\"wp-image-2465 aligncenter\" src=\"https:\/\/www.asso-unil.ch\/grc\/files\/2019\/09\/affiche-Etat-bourgeois.jpg\" alt=\"\" width=\"365\" height=\"516\" srcset=\"https:\/\/www.asso-unil.ch\/grc\/files\/2019\/09\/affiche-Etat-bourgeois.jpg 848w, https:\/\/www.asso-unil.ch\/grc\/files\/2019\/09\/affiche-Etat-bourgeois-212x300.jpg 212w, https:\/\/www.asso-unil.ch\/grc\/files\/2019\/09\/affiche-Etat-bourgeois-724x1024.jpg 724w, https:\/\/www.asso-unil.ch\/grc\/files\/2019\/09\/affiche-Etat-bourgeois-768x1087.jpg 768w\" sizes=\"auto, (max-width: 365px) 100vw, 365px\" \/><\/a><\/p>\n","protected":false},"excerpt":{"rendered":"<p>Qui d\u00e9tient le pouvoir ? Pourquoi les milieux qui l\u2019exercent paraissent-ils incapables de r\u00e9soudre des probl\u00e8mes r\u00e9currents et connus de l\u2019histoire r\u00e9cente comme la crise climatique, mettant en p\u00e9ril les &hellip; <\/p>\n","protected":false},"author":1001103,"featured_media":0,"comment_status":"closed","ping_status":"closed","sticky":false,"template":"","format":"standard","meta":{"_seopress_robots_primary_cat":"","_seopress_titles_title":"","_seopress_titles_desc":"","_seopress_robots_index":"","footnotes":""},"categories":[5,75,14,59,7],"tags":[],"class_list":{"0":"post-2459","1":"post","2":"type-post","3":"status-publish","4":"format-standard","6":"category-conference-debat","7":"category-discussion","8":"category-politique-societe-culture","9":"category-travail","10":"category-lecture-de-texte"},"_links":{"self":[{"href":"https:\/\/www.asso-unil.ch\/grc\/wp-json\/wp\/v2\/posts\/2459","targetHints":{"allow":["GET"]}}],"collection":[{"href":"https:\/\/www.asso-unil.ch\/grc\/wp-json\/wp\/v2\/posts"}],"about":[{"href":"https:\/\/www.asso-unil.ch\/grc\/wp-json\/wp\/v2\/types\/post"}],"author":[{"embeddable":true,"href":"https:\/\/www.asso-unil.ch\/grc\/wp-json\/wp\/v2\/users\/1001103"}],"replies":[{"embeddable":true,"href":"https:\/\/www.asso-unil.ch\/grc\/wp-json\/wp\/v2\/comments?post=2459"}],"version-history":[{"count":0,"href":"https:\/\/www.asso-unil.ch\/grc\/wp-json\/wp\/v2\/posts\/2459\/revisions"}],"wp:attachment":[{"href":"https:\/\/www.asso-unil.ch\/grc\/wp-json\/wp\/v2\/media?parent=2459"}],"wp:term":[{"taxonomy":"category","embeddable":true,"href":"https:\/\/www.asso-unil.ch\/grc\/wp-json\/wp\/v2\/categories?post=2459"},{"taxonomy":"post_tag","embeddable":true,"href":"https:\/\/www.asso-unil.ch\/grc\/wp-json\/wp\/v2\/tags?post=2459"}],"curies":[{"name":"wp","href":"https:\/\/api.w.org\/{rel}","templated":true}]}}