{"id":2428,"date":"2019-04-02T14:00:45","date_gmt":"2019-04-02T12:00:45","guid":{"rendered":"http:\/\/www.asso-unil.ch\/grc\/?p=2428"},"modified":"2019-04-02T14:29:59","modified_gmt":"2019-04-02T12:29:59","slug":"cycle-lecosocialisme-de-marx-aux-mouvements-sociaux-daujourdhui","status":"publish","type":"post","link":"https:\/\/www.asso-unil.ch\/grc\/2019\/04\/cycle-lecosocialisme-de-marx-aux-mouvements-sociaux-daujourdhui\/","title":{"rendered":"Cycle: L\u2019\u00e9cosocialisme, de Marx aux mouvements sociaux d\u2019aujourd\u2019hui"},"content":{"rendered":"<h2 style=\"text-align: center\">En lien avec l&rsquo;actualit\u00e9 brulante du r\u00e9chauffement climatique et des mouvements internationaux de luttes pour le climat, le Groupe Regards Critiques vous invite \u00e0 participer \u00e0 ses deux prochaines activit\u00e9s :<\/h2>\n<p><a href=\"https:\/\/www.asso-unil.ch\/grc\/files\/2019\/04\/50009478_2858621537495758_8735172424397488128_o-1280x640-1.jpg\"><img alt=\"\" loading=\"lazy\" decoding=\"async\" class=\"aligncenter wp-image-2432 size-large\" src=\"https:\/\/www.asso-unil.ch\/grc\/files\/2019\/04\/50009478_2858621537495758_8735172424397488128_o-1280x640-1-1024x512.jpg\" alt=\"\" width=\"640\" height=\"320\" srcset=\"https:\/\/www.asso-unil.ch\/grc\/files\/2019\/04\/50009478_2858621537495758_8735172424397488128_o-1280x640-1-1024x512.jpg 1024w, https:\/\/www.asso-unil.ch\/grc\/files\/2019\/04\/50009478_2858621537495758_8735172424397488128_o-1280x640-1-300x150.jpg 300w, https:\/\/www.asso-unil.ch\/grc\/files\/2019\/04\/50009478_2858621537495758_8735172424397488128_o-1280x640-1-768x384.jpg 768w, https:\/\/www.asso-unil.ch\/grc\/files\/2019\/04\/50009478_2858621537495758_8735172424397488128_o-1280x640-1.jpg 1280w\" sizes=\"auto, (max-width: 640px) 100vw, 640px\" \/><\/a><\/p>\n<h2><em>Jeudi 4 avril 17h15 G\u00e9opolis 2137<br \/>\n<\/em>Discussion autour du concept d&rsquo;\u00e9cosocialisme \u00e0 partir des articles suivants :<\/h2>\n<ul>\n<li>Husson Michel, \u00ab Marx a-t-il invent\u00e9 l\u2019\u00e9cosocialisme ? \u00bb, A l\u2019encontre, 21.12.2017. disponible en ligne: <a href=\"https:\/\/alencontre.org\/ecologie\/marx-a-t-il-invente-lecosocialisme.html\">ici<\/a>.<\/li>\n<li>Tanuro Daniel, \u00ab Les fondements d\u2019une strat\u00e9gie \u00e9cosocialiste \u00bb, NPA, 28.04.2011. disponible en ligne <a href=\"https:\/\/npa2009.org\/content\/les-fondements-d\u2019une-strat\u00e9gie-\u00e9cosocialiste-par-daniel-tanuro\">ici<\/a>.<\/li>\n<\/ul>\n<hr \/>\n<h2><em>Jeudi 11 avril\u00a017h15 G\u00e9opolis 2137<br \/>\n<\/em>Conf\u00e9rence-d\u00e9bat:\u00a0<em>Quelles perspectives pour les mouvements sociaux pour la protection du climat aujourd&rsquo;hui ?<\/em>\u00a0 anim\u00e9e par <strong>Franziska Meinherz<\/strong>, doctorante \u00e0 l&rsquo;EPFL et militante au sein du Mouvement de la gr\u00e8ve pour le climat.<\/h2>\n<p>&nbsp;<\/p>\n","protected":false},"excerpt":{"rendered":"<p>En lien avec l&rsquo;actualit\u00e9 brulante du r\u00e9chauffement climatique et des mouvements internationaux de luttes pour le climat, le Groupe Regards Critiques vous invite \u00e0 participer \u00e0 ses deux prochaines activit\u00e9s &hellip; <\/p>\n","protected":false},"author":1001086,"featured_media":0,"comment_status":"closed","ping_status":"closed","sticky":false,"template":"","format":"standard","meta":{"_seopress_robots_primary_cat":"","_seopress_titles_title":"","_seopress_titles_desc":"","_seopress_robots_index":"","footnotes":""},"categories":[64,5,8,14,56,47],"tags":[],"class_list":{"0":"post-2428","1":"post","2":"type-post","3":"status-publish","4":"format-standard","6":"category-actions-critiques","7":"category-conference-debat","8":"category-environnement","9":"category-politique-societe-culture","10":"category-revolution-mouvements-sociaux","11":"category-suisse"},"_links":{"self":[{"href":"https:\/\/www.asso-unil.ch\/grc\/wp-json\/wp\/v2\/posts\/2428","targetHints":{"allow":["GET"]}}],"collection":[{"href":"https:\/\/www.asso-unil.ch\/grc\/wp-json\/wp\/v2\/posts"}],"about":[{"href":"https:\/\/www.asso-unil.ch\/grc\/wp-json\/wp\/v2\/types\/post"}],"author":[{"embeddable":true,"href":"https:\/\/www.asso-unil.ch\/grc\/wp-json\/wp\/v2\/users\/1001086"}],"replies":[{"embeddable":true,"href":"https:\/\/www.asso-unil.ch\/grc\/wp-json\/wp\/v2\/comments?post=2428"}],"version-history":[{"count":0,"href":"https:\/\/www.asso-unil.ch\/grc\/wp-json\/wp\/v2\/posts\/2428\/revisions"}],"wp:attachment":[{"href":"https:\/\/www.asso-unil.ch\/grc\/wp-json\/wp\/v2\/media?parent=2428"}],"wp:term":[{"taxonomy":"category","embeddable":true,"href":"https:\/\/www.asso-unil.ch\/grc\/wp-json\/wp\/v2\/categories?post=2428"},{"taxonomy":"post_tag","embeddable":true,"href":"https:\/\/www.asso-unil.ch\/grc\/wp-json\/wp\/v2\/tags?post=2428"}],"curies":[{"name":"wp","href":"https:\/\/api.w.org\/{rel}","templated":true}]}}