{"id":2417,"date":"2019-03-02T10:30:03","date_gmt":"2019-03-02T09:30:03","guid":{"rendered":"http:\/\/www.asso-unil.ch\/grc\/?p=2417"},"modified":"2019-03-02T10:53:44","modified_gmt":"2019-03-02T09:53:44","slug":"nos-activites-du-semestre-de-printemps-2019","status":"publish","type":"post","link":"https:\/\/www.asso-unil.ch\/grc\/2019\/03\/nos-activites-du-semestre-de-printemps-2019\/","title":{"rendered":"Nos activit\u00e9s du semestre de printemps 2019!"},"content":{"rendered":"<h1>Les mouvements f\u00e9ministes du 8 mars<\/h1>\n<h2><span style=\"color: #000000\"><em>Jeudi 7 mars 17h15 G\u00e9opolis 2879<\/em><\/span><br \/>\nDiscussion collective \u00e0 partir de textes autour des luttes f\u00e9ministes du 8 mars<\/h2>\n<p>Les textes:<\/p>\n<ul>\n<li>Tithi Bhattacharya: \u00abLa source de vie du capitalisme : la base domestique et sociale de l\u2019exploitation\u00bb disponible en ligne: <a href=\"https:\/\/www.contretemps.eu\/capitalisme-reproduction-sociale\/\">ici<\/a>.<\/li>\n<li>Cinzia Arruzza et Tithi Bhattacharya : \u00abGr\u00e8ves de femmes, gr\u00e8ves politiques\u00bb\u00a0disponible en ligne: <a href=\"https:\/\/www.contretemps.eu\/greves-femmes-arruzza-bhattacharya\/\">ici<\/a>.<\/li>\n<\/ul>\n<p>&nbsp;<\/p>\n<h1>Le pillage des mati\u00e8res premi\u00e8res au c\u0153ur du capitalisme<\/h1>\n<h2><em>Jeudi 14 mars 17h15 G\u00e9opolis 2137<\/em><br \/>\nDiscussion collective \u00e0 partir de textes \u00e0 propos de \u00ab l\u2019accumulation initiale \u00bb<\/h2>\n<p>Les textes:<\/p>\n<ul>\n<li class=\"ListParagraph\"><span lang=\"FR\">Harvey David,\u00a0<i>Pour lire le Capital<\/i>, 2012, pp. 316-328. en ligne ici: <a href=\"https:\/\/www.asso-unil.ch\/grc\/files\/2019\/03\/Harvey-accumulation-initiale.pdf\">Harvey accumulation initiale<\/a><\/span><\/li>\n<li class=\"ListParagraph\">Mandel Ernest, <i>Trait\u00e9 d&rsquo;\u00e9conomie marxiste,<\/i>1962, Tome 1, pp. 125-136 en ligne ici: <a href=\"https:\/\/www.asso-unil.ch\/grc\/files\/2019\/03\/Mandel-accumulation-initiale.pdf\">Mandel accumulation initiale<\/a><\/li>\n<\/ul>\n<h2><em>Jeudi 21 mars 17h15 G\u00e9opolis 2137<br \/>\n<\/em>Conf\u00e9rence-d\u00e9bat:\u00a0<em>Que font les multinationales suisses en R\u00e9publique D\u00e9mocratique du Congo ?<\/em>\u00a0anim\u00e9e par <strong>Augustin Mukamba<\/strong>, membre de la Communaut\u00e9 congolaise et syndicaliste<\/h2>\n<p>&nbsp;<\/p>\n<h1>L\u2019\u00e9cosocialisme, de Marx aux mouvements sociaux d\u2019aujourd\u2019hui<\/h1>\n<h2><em>Jeudi 4 avril 17h15 G\u00e9opolis 2137<br \/>\n<\/em>Discussion autour du concept d&rsquo;\u00e9cosocialisme \u00e0 partir des articles suivants :<\/h2>\n<ul>\n<li>Husson Michel, \u00ab Marx a-t-il invent\u00e9 l\u2019\u00e9cosocialisme ? \u00bb, A l\u2019encontre, 21.12.2017. disponible en ligne: <a href=\"https:\/\/alencontre.org\/ecologie\/marx-a-t-il-invente-lecosocialisme.html\">ici<\/a>.<\/li>\n<li>Tanuro Daniel, \u00ab Les fondements d\u2019une strat\u00e9gie \u00e9cosocialiste \u00bb, NPA, 28.04.2011. disponible en ligne <a href=\"https:\/\/npa2009.org\/content\/les-fondements-d\u2019une-strat\u00e9gie-\u00e9cosocialiste-par-daniel-tanuro\">ici<\/a>.<\/li>\n<\/ul>\n<h2><em>Jeudi 11 avril\u00a017h15 G\u00e9opolis 2137<br \/>\n<\/em>Conf\u00e9rence-d\u00e9bat:\u00a0<em>Quelles perspectives pour les mouvements sociaux pour la protection du climat aujourd&rsquo;hui ?<\/em>\u00a0 anim\u00e9e par <strong>Franziska Meinherz<\/strong>, doctorante \u00e0 l&rsquo;EPFL et militante au sein du Mouvement de la gr\u00e8ve pour le climat.<\/h2>\n<p>&nbsp;<\/p>\n<h1>Vers une grave crise \u00e9conomique en 2019?<\/h1>\n<h2><em>Jeudi 18 avril 17h15 G\u00e9opolis 2879<\/em><br \/>\nDiscussion<span class=\"Apple-converted-space\">\u00a0<\/span>collectives autour de la conception th\u00e9orique des crises \u00e9conomiques \u00e0 partir des extraits suivants:<\/h2>\n<ul>\n<li><span lang=\"FR\">Mandel Ernest, <i>Trait\u00e9 d&rsquo;\u00e9conomie marxiste, <\/i>1962, Tome 1, pp. 217-228 et Tome 2, pp. 5-28. en ligne ici: <a href=\"https:\/\/www.asso-unil.ch\/grc\/files\/2019\/03\/Mandel-crises.pdf\">Mandel crises<\/a><\/span><\/li>\n<\/ul>\n<h2><em>Jeudi 2 mai 17h15 G\u00e9opolis 2137<br \/>\n<\/em>Conf\u00e9rence-d\u00e9bat:\u00a0Quelles pistes pour comprendre le contexte \u00e9conomique actuel ? anim\u00e9e par\u00a0<strong>S\u00e9bastien Guex\u00a0<\/strong>prof. d\u2019histoire contemporaine.<\/h2>\n","protected":false},"excerpt":{"rendered":"<p>Les mouvements f\u00e9ministes du 8 mars Jeudi 7 mars 17h15 G\u00e9opolis 2879 Discussion collective \u00e0 partir de textes autour des luttes f\u00e9ministes du 8 mars Les textes: Tithi Bhattacharya: \u00abLa &hellip; <\/p>\n","protected":false},"author":1001086,"featured_media":0,"comment_status":"closed","ping_status":"closed","sticky":false,"template":"","format":"standard","meta":{"_seopress_robots_primary_cat":"","_seopress_titles_title":"","_seopress_titles_desc":"","_seopress_robots_index":"","footnotes":""},"categories":[1],"tags":[],"class_list":{"0":"post-2417","1":"post","2":"type-post","3":"status-publish","4":"format-standard","6":"category-uncategorized"},"_links":{"self":[{"href":"https:\/\/www.asso-unil.ch\/grc\/wp-json\/wp\/v2\/posts\/2417","targetHints":{"allow":["GET"]}}],"collection":[{"href":"https:\/\/www.asso-unil.ch\/grc\/wp-json\/wp\/v2\/posts"}],"about":[{"href":"https:\/\/www.asso-unil.ch\/grc\/wp-json\/wp\/v2\/types\/post"}],"author":[{"embeddable":true,"href":"https:\/\/www.asso-unil.ch\/grc\/wp-json\/wp\/v2\/users\/1001086"}],"replies":[{"embeddable":true,"href":"https:\/\/www.asso-unil.ch\/grc\/wp-json\/wp\/v2\/comments?post=2417"}],"version-history":[{"count":0,"href":"https:\/\/www.asso-unil.ch\/grc\/wp-json\/wp\/v2\/posts\/2417\/revisions"}],"wp:attachment":[{"href":"https:\/\/www.asso-unil.ch\/grc\/wp-json\/wp\/v2\/media?parent=2417"}],"wp:term":[{"taxonomy":"category","embeddable":true,"href":"https:\/\/www.asso-unil.ch\/grc\/wp-json\/wp\/v2\/categories?post=2417"},{"taxonomy":"post_tag","embeddable":true,"href":"https:\/\/www.asso-unil.ch\/grc\/wp-json\/wp\/v2\/tags?post=2417"}],"curies":[{"name":"wp","href":"https:\/\/api.w.org\/{rel}","templated":true}]}}