{"id":2362,"date":"2018-10-04T13:28:41","date_gmt":"2018-10-04T11:28:41","guid":{"rendered":"http:\/\/www.asso-unil.ch\/grc\/?p=2362"},"modified":"2018-11-15T23:47:26","modified_gmt":"2018-11-15T22:47:26","slug":"table-ronde-sur-les-mobilisations-etudiantes-en-france","status":"publish","type":"post","link":"https:\/\/www.asso-unil.ch\/grc\/2018\/10\/table-ronde-sur-les-mobilisations-etudiantes-en-france\/","title":{"rendered":"Table Ronde sur les mobilisations \u00e9tudiantes en France"},"content":{"rendered":"<p>Jeudi 24 mai 2018 de 17:15 \u00e0 20:00<\/p>\n<p>G\u00e9opolis 1612<\/p>\n<p>TABLE RONDE : MOBILISATIONS \u00c9TUDIANTES EN FRANCE, QUELS ENJEUX POUR QUELLES CONVERGENCES ?<\/p>\n<p>Pour discuter des enjeux de ces luttes, des liens avec les probl\u00e9matiques actuelles en Suisse et protester contre la violence inacceptable visant les \u00e9tudiant.e.s, le <a href=\"https:\/\/www.facebook.com\/grouperegardscritiques\/\" target=\"_blank\" rel=\"noopener\">Groupe Regards Critiques<\/a> et le groupe \u00e9tudiant de <a href=\"https:\/\/www.facebook.com\/solidarites.vaud\/\" target=\"_blank\" rel=\"noopener\">solidarit\u00e9S Vaud<\/a> organise une table ronde le 24 mai \u00e0 17h15, salle 1612 du G\u00e9opolis (conf\u00e9rence suivie d\u2019un ap\u00e9ritif).<\/p>\n<p>Nous aurons le plaisir de recevoir Aur\u00e9lie-Anne Thos, militante de l&rsquo;Union des EtudiantEs de Toulouse et membre du <a href=\"https:\/\/www.facebook.com\/npa2009\/\" target=\"_blank\" rel=\"noopener\">Nouveau Parti Anticapitaliste (officiel)<\/a>, Yannis, membre du <a href=\"https:\/\/www.facebook.com\/CollectifDecolonialLyonnais\/\" target=\"_blank\" rel=\"noopener\">Collectif D\u00e9colonial Lyonnais<\/a>. La table ronde sera mod\u00e9r\u00e9e par Kelly Harrison, doctorante \u00e0 l\u2019Universit\u00e9 de Fribourg et membre de solidarit\u00e9S, qui pr\u00e9sentera bri\u00e8vement les luttes \u00e9tudiantes dans le contexte suisse.<\/p>\n<p>??????????????<\/p>\n<p>En f\u00e9vrier dernier, le gouvernement Philippe-Macron pr\u00e9sentait son plan de r\u00e9forme de l\u2019\u00e9ducation, modifiant notamment les conditions d\u2019obtention du Baccalaur\u00e9at et d\u2019acc\u00e8s aux \u00e9tudes sup\u00e9rieures. Loin \u00ab d\u2019accompagner chacun vers la r\u00e9ussite \u00bb, cette r\u00e9forme rendra au contraire l\u2019acc\u00e8s aux \u00e9tudes encore plus ardu pour une grande partie de la population. En effet, elle consiste en toute une s\u00e9rie de mesures in\u00e9galitaires, comme la mise en comp\u00e9tition des diff\u00e9rents baccalaur\u00e9ats, ou encore la s\u00e9lection \u00e0 l\u2019entr\u00e9e de l\u2019Universit\u00e9, bas\u00e9e sur l\u2019obtention de co\u00fbteux dipl\u00f4mes suppl\u00e9mentaires ou sur des activit\u00e9s extra-scolaires.<\/p>\n<p>Face \u00e0 cette refonte, des mouvements \u00e9tudiants se sont mobilis\u00e9s \u00e0 travers toute la France dans une vague de protestations, entre manifestations et blocages dans de nombreuses universit\u00e9s, de Toulouse \u00e0 Paris en passant par Lyon, Montpelier, Lille&#8230; Notamment en raison de leur effort de convergence des luttes (par exemple avec les cheminots de la SNCF), ces mobilisations se heurtent actuellement \u00e0 une r\u00e9pression tr\u00e8s violente. Plusieurs facs occup\u00e9es ont \u00e9t\u00e9 \u00e9vacu\u00e9es de force, parfois m\u00eame avec la collaboration de milices fascistes, comme dans le cas de la facult\u00e9 de droit de Montpellier.<\/p>\n","protected":false},"excerpt":{"rendered":"<p>Jeudi 24 mai 2018 de 17:15 \u00e0 20:00 G\u00e9opolis 1612 TABLE RONDE : MOBILISATIONS \u00c9TUDIANTES EN FRANCE, QUELS ENJEUX POUR QUELLES CONVERGENCES ? Pour discuter des enjeux de ces luttes, &hellip; <\/p>\n","protected":false},"author":1001086,"featured_media":0,"comment_status":"closed","ping_status":"closed","sticky":false,"template":"","format":"standard","meta":{"_seopress_robots_primary_cat":"","_seopress_titles_title":"","_seopress_titles_desc":"","_seopress_robots_index":"","footnotes":""},"categories":[1],"tags":[],"class_list":{"0":"post-2362","1":"post","2":"type-post","3":"status-publish","4":"format-standard","6":"category-uncategorized"},"_links":{"self":[{"href":"https:\/\/www.asso-unil.ch\/grc\/wp-json\/wp\/v2\/posts\/2362","targetHints":{"allow":["GET"]}}],"collection":[{"href":"https:\/\/www.asso-unil.ch\/grc\/wp-json\/wp\/v2\/posts"}],"about":[{"href":"https:\/\/www.asso-unil.ch\/grc\/wp-json\/wp\/v2\/types\/post"}],"author":[{"embeddable":true,"href":"https:\/\/www.asso-unil.ch\/grc\/wp-json\/wp\/v2\/users\/1001086"}],"replies":[{"embeddable":true,"href":"https:\/\/www.asso-unil.ch\/grc\/wp-json\/wp\/v2\/comments?post=2362"}],"version-history":[{"count":0,"href":"https:\/\/www.asso-unil.ch\/grc\/wp-json\/wp\/v2\/posts\/2362\/revisions"}],"wp:attachment":[{"href":"https:\/\/www.asso-unil.ch\/grc\/wp-json\/wp\/v2\/media?parent=2362"}],"wp:term":[{"taxonomy":"category","embeddable":true,"href":"https:\/\/www.asso-unil.ch\/grc\/wp-json\/wp\/v2\/categories?post=2362"},{"taxonomy":"post_tag","embeddable":true,"href":"https:\/\/www.asso-unil.ch\/grc\/wp-json\/wp\/v2\/tags?post=2362"}],"curies":[{"name":"wp","href":"https:\/\/api.w.org\/{rel}","templated":true}]}}