{"id":2347,"date":"2018-04-12T12:22:30","date_gmt":"2018-04-12T10:22:30","guid":{"rendered":"http:\/\/www.asso-unil.ch\/grc\/?p=2347"},"modified":"2018-04-12T12:22:30","modified_gmt":"2018-04-12T10:22:30","slug":"discussion-collective-racisme-suisse-et-violences-policieres","status":"publish","type":"post","link":"https:\/\/www.asso-unil.ch\/grc\/2018\/04\/discussion-collective-racisme-suisse-et-violences-policieres\/","title":{"rendered":"Discussion collective: racisme suisse et violences polici\u00e8res"},"content":{"rendered":"<p style=\"text-align: center\"><a href=\"https:\/\/www.asso-unil.ch\/grc\/files\/2018\/04\/racism.jpg\"><img alt=\"\" loading=\"lazy\" decoding=\"async\" class=\"alignnone size-medium wp-image-2348\" src=\"https:\/\/www.asso-unil.ch\/grc\/files\/2018\/04\/racism-300x169.jpg\" alt=\"\" width=\"300\" height=\"169\" srcset=\"https:\/\/www.asso-unil.ch\/grc\/files\/2018\/04\/racism-300x169.jpg 300w, https:\/\/www.asso-unil.ch\/grc\/files\/2018\/04\/racism-768x432.jpg 768w, https:\/\/www.asso-unil.ch\/grc\/files\/2018\/04\/racism.jpg 800w\" sizes=\"auto, (max-width: 300px) 100vw, 300px\" \/><\/a><\/p>\n<p><strong>Jeudi 17 mai, 17h15-19h, salle 2129 de g\u00e9opolis<\/strong><\/p>\n<p>Le GRC vous invite \u00e0 une s\u00e9ance de discussion collective intitul\u00e9e : \u00ab\u00a0Racisme suisse et violences polici\u00e8res\u00a0\u00bb, avec la collaboration du\u00a0<a href=\"https:\/\/collectifjeandutoit.wordpress.com\/\">Collectif Jean Dutoit<\/a>\u00a0et sur la base de leur rapport (\u00ab\u00a0Rapport pour les droits et la mobilit\u00e9 des personnes migrantes noires africaines en Suisse et en Europe\u00a0\u00bb).<\/p>\n<p>En effet, en Suisse romande, en l&rsquo;espace d&rsquo;un an, Herv\u00e9 Mandundu, Lamine Fatty et Mike Ben Peter &#8211; trois hommes noirs &#8211; sont d\u00e9c\u00e9d\u00e9s suite \u00e0 une interpellation des forces de l&rsquo;ordre. Et en plus de ces meurtres, combien de contr\u00f4les au faci\u00e8s ? Combien d\u2019humiliations quotidiennes ? Combien de violences physiques et morales sont inflig\u00e9es aux hommes noirs et non-blancs de ce pays ?<\/p>\n<p>Le\u00a0<a href=\"https:\/\/collectifjeandutoit.wordpress.com\/\">Collectif Jean Dutoit<\/a>, dont \u00e9tait<span class=\"text_exposed_show\">\u00a0membre Mike Ben Peter, s&rsquo;est heurt\u00e9 de plein fouet aux politiques racistes de ce pays, qu&rsquo;elles soient formalis\u00e9es (application syst\u00e9matique et inhumaine des accords Dublin) ou non (harc\u00e8lement policier, contr\u00f4les aux faci\u00e8s, etc.). Le collectif est revenu et a analys\u00e9 ces exp\u00e9riences dans un rapport, que nous vous proposons de lire, et de discuter lors de cette s\u00e9ance. Quelques membres du collectif seront d&rsquo;ailleurs pr\u00e9sent.e.s pour en parler avec nous.<\/p>\n<p>Vous trouverez le rapport \u00e0 <a href=\"https:\/\/collectifjeandutoit.files.wordpress.com\/2017\/11\/collectifjeandutoit_rapportpourlesdroitsetlamobilite_nov2017.pdf\">cette adresse<\/a>.\u00a0Quelques versions papier seront \u00e9galement disponibles lors de l&rsquo;\u00e9v\u00e8nement.<\/p>\n<p>Venez nombreux.se.s !<br \/>\nLe GRC<\/span><\/p>\n","protected":false},"excerpt":{"rendered":"<p>Jeudi 17 mai, 17h15-19h, salle 2129 de g\u00e9opolis Le GRC vous invite \u00e0 une s\u00e9ance de discussion collective intitul\u00e9e : \u00ab\u00a0Racisme suisse et violences polici\u00e8res\u00a0\u00bb, avec la collaboration du\u00a0Collectif Jean &hellip; <\/p>\n","protected":false},"author":1001103,"featured_media":0,"comment_status":"closed","ping_status":"closed","sticky":false,"template":"","format":"standard","meta":{"_seopress_robots_primary_cat":"","_seopress_titles_title":"","_seopress_titles_desc":"","_seopress_robots_index":"","footnotes":""},"categories":[75,57,14,56,47],"tags":[],"class_list":{"0":"post-2347","1":"post","2":"type-post","3":"status-publish","4":"format-standard","6":"category-discussion","7":"category-migration-racisme-et-xenophobie","8":"category-politique-societe-culture","9":"category-revolution-mouvements-sociaux","10":"category-suisse"},"_links":{"self":[{"href":"https:\/\/www.asso-unil.ch\/grc\/wp-json\/wp\/v2\/posts\/2347","targetHints":{"allow":["GET"]}}],"collection":[{"href":"https:\/\/www.asso-unil.ch\/grc\/wp-json\/wp\/v2\/posts"}],"about":[{"href":"https:\/\/www.asso-unil.ch\/grc\/wp-json\/wp\/v2\/types\/post"}],"author":[{"embeddable":true,"href":"https:\/\/www.asso-unil.ch\/grc\/wp-json\/wp\/v2\/users\/1001103"}],"replies":[{"embeddable":true,"href":"https:\/\/www.asso-unil.ch\/grc\/wp-json\/wp\/v2\/comments?post=2347"}],"version-history":[{"count":0,"href":"https:\/\/www.asso-unil.ch\/grc\/wp-json\/wp\/v2\/posts\/2347\/revisions"}],"wp:attachment":[{"href":"https:\/\/www.asso-unil.ch\/grc\/wp-json\/wp\/v2\/media?parent=2347"}],"wp:term":[{"taxonomy":"category","embeddable":true,"href":"https:\/\/www.asso-unil.ch\/grc\/wp-json\/wp\/v2\/categories?post=2347"},{"taxonomy":"post_tag","embeddable":true,"href":"https:\/\/www.asso-unil.ch\/grc\/wp-json\/wp\/v2\/tags?post=2347"}],"curies":[{"name":"wp","href":"https:\/\/api.w.org\/{rel}","templated":true}]}}