{"id":2344,"date":"2018-04-09T22:36:18","date_gmt":"2018-04-09T20:36:18","guid":{"rendered":"http:\/\/www.asso-unil.ch\/grc\/?p=2344"},"modified":"2018-05-17T16:28:54","modified_gmt":"2018-05-17T14:28:54","slug":"conference-grand-congo-et-luttes-panafricaines","status":"publish","type":"post","link":"https:\/\/www.asso-unil.ch\/grc\/2018\/04\/conference-grand-congo-et-luttes-panafricaines\/","title":{"rendered":"Conf\u00e9rence: Grand Congo et Luttes Panafricaines"},"content":{"rendered":"<p style=\"text-align: center\"><a href=\"https:\/\/www.asso-unil.ch\/grc\/files\/2018\/04\/30441351_2045623145649404_8825091941310922752_n.jpg\"><img alt=\"\" loading=\"lazy\" decoding=\"async\" class=\"alignnone size-medium wp-image-2345\" src=\"https:\/\/www.asso-unil.ch\/grc\/files\/2018\/04\/30441351_2045623145649404_8825091941310922752_n-300x66.jpg\" alt=\"\" width=\"300\" height=\"66\" srcset=\"https:\/\/www.asso-unil.ch\/grc\/files\/2018\/04\/30441351_2045623145649404_8825091941310922752_n-300x66.jpg 300w, https:\/\/www.asso-unil.ch\/grc\/files\/2018\/04\/30441351_2045623145649404_8825091941310922752_n-768x168.jpg 768w, https:\/\/www.asso-unil.ch\/grc\/files\/2018\/04\/30441351_2045623145649404_8825091941310922752_n.jpg 960w\" sizes=\"auto, (max-width: 300px) 100vw, 300px\" \/><\/a><\/p>\n<p><strong>Samedi 12 mai, 18h-21h30, \u00e0 l&rsquo;espace Dickens (4 Avenue Charles Dickens, 1006 Lausanne)<\/strong><\/p>\n<p>&nbsp;<\/p>\n<p>Lien Youtube vers la vid\u00e9o:\u00a0https:\/\/www.youtube.com\/watch?v=CCjmF7BZf0g<\/p>\n<p>Dans le cadre de son cycle de conf\u00e9rence portant sur l&rsquo;actualit\u00e9 des mouvements panafricains, le GRC a le plaisir de vous inviter \u00e0 une conf\u00e9rence-discussion intitul\u00e9e \u00ab\u00a0Le Grand Congo et les Luttes Panafricaines\u00a0\u00bb, organis\u00e9e en collaboration avec la section suisse de la Ligue Panafricaine UMOJA.<\/p>\n<p>Les deux Congo, s\u2019\u00e9tendant de part et d\u2019autre du fleuve Congo, sont h\u00e9las consid\u00e9r\u00e9s comme deux pays fondamentalement diff\u00e9rents et quelquefois m\u00eame oppos\u00e9s. En r\u00e9alit\u00e9, l\u2019imposition du fleuve Congo comme une fronti\u00e8re s\u00e9parant le Grand Congo en deux entit\u00e9s politiques, l\u2019un regardant la France et l\u2019autre, la Belgique, est la cons\u00e9quence des rivalit\u00e9s des puissances colonisatrices, notamment la France et la Belgique. Ce<span class=\"text_exposed_show\">tte rivalit\u00e9 est n\u00e9e de la \u00ab course au clocher \u00bb symbolis\u00e9e par deux d\u2019explorateurs, De Brazza pour le c\u00f4t\u00e9 fran\u00e7ais et, Stanley du c\u00f4t\u00e9 belge. Pour comprendre la trag\u00e9die actuelle v\u00e9cue dans les \u00ab deux pays \u00bb, il convient de saisir la gen\u00e8se de leur formation, les r\u00e9sistances contre la p\u00e9n\u00e9tration et l\u2019occupation coloniales (Simon Kimbangu, Andr\u00e9 Matswa, etc), la \u00ab d\u00e9colonisation \u00bb et les figures politiques qui y ont \u00e9merg\u00e9 (Lumumba, la r\u00e9volution de 1963 au Congo-Brazza, etc), la g\u00e9opolitique des ressources extractives qui est \u00e0 l\u2019origine de l\u2019instabilit\u00e9 chronique et des longues dictatures dans le Grand Congo, etc.<\/span><\/p>\n<p>Pour en discuter, nous aurons le plaisir d&rsquo;\u00e9couter Henda Diog\u00e8ne Senny, pr\u00e9sident de la\u00a0<a href=\"https:\/\/lp-umoja.com\/\">LP Umoja<\/a>. Son intervention sera suivie d&rsquo;une discussion, et d&rsquo;un ap\u00e9ritif.<\/p>\n<p>On se r\u00e9jouit de vous y retrouver !<\/p>\n","protected":false},"excerpt":{"rendered":"<p>Samedi 12 mai, 18h-21h30, \u00e0 l&rsquo;espace Dickens (4 Avenue Charles Dickens, 1006 Lausanne) &nbsp; Lien Youtube vers la vid\u00e9o:\u00a0https:\/\/www.youtube.com\/watch?v=CCjmF7BZf0g Dans le cadre de son cycle de conf\u00e9rence portant sur l&rsquo;actualit\u00e9 &hellip; <\/p>\n","protected":false},"author":1001103,"featured_media":0,"comment_status":"closed","ping_status":"closed","sticky":false,"template":"","format":"standard","meta":{"_seopress_robots_primary_cat":"","_seopress_titles_title":"","_seopress_titles_desc":"","_seopress_robots_index":"","footnotes":""},"categories":[5,75,10,14,56],"tags":[],"class_list":{"0":"post-2344","1":"post","2":"type-post","3":"status-publish","4":"format-standard","6":"category-conference-debat","7":"category-discussion","8":"category-imperialisme","9":"category-politique-societe-culture","10":"category-revolution-mouvements-sociaux"},"_links":{"self":[{"href":"https:\/\/www.asso-unil.ch\/grc\/wp-json\/wp\/v2\/posts\/2344","targetHints":{"allow":["GET"]}}],"collection":[{"href":"https:\/\/www.asso-unil.ch\/grc\/wp-json\/wp\/v2\/posts"}],"about":[{"href":"https:\/\/www.asso-unil.ch\/grc\/wp-json\/wp\/v2\/types\/post"}],"author":[{"embeddable":true,"href":"https:\/\/www.asso-unil.ch\/grc\/wp-json\/wp\/v2\/users\/1001103"}],"replies":[{"embeddable":true,"href":"https:\/\/www.asso-unil.ch\/grc\/wp-json\/wp\/v2\/comments?post=2344"}],"version-history":[{"count":0,"href":"https:\/\/www.asso-unil.ch\/grc\/wp-json\/wp\/v2\/posts\/2344\/revisions"}],"wp:attachment":[{"href":"https:\/\/www.asso-unil.ch\/grc\/wp-json\/wp\/v2\/media?parent=2344"}],"wp:term":[{"taxonomy":"category","embeddable":true,"href":"https:\/\/www.asso-unil.ch\/grc\/wp-json\/wp\/v2\/categories?post=2344"},{"taxonomy":"post_tag","embeddable":true,"href":"https:\/\/www.asso-unil.ch\/grc\/wp-json\/wp\/v2\/tags?post=2344"}],"curies":[{"name":"wp","href":"https:\/\/api.w.org\/{rel}","templated":true}]}}