{"id":2331,"date":"2018-04-08T17:30:38","date_gmt":"2018-04-08T15:30:38","guid":{"rendered":"http:\/\/www.asso-unil.ch\/grc\/?p=2331"},"modified":"2018-04-09T22:42:31","modified_gmt":"2018-04-09T20:42:31","slug":"conference-nos-corps-nos-choix-lautonomie-corporelle-remise-en-question","status":"publish","type":"post","link":"https:\/\/www.asso-unil.ch\/grc\/2018\/04\/conference-nos-corps-nos-choix-lautonomie-corporelle-remise-en-question\/","title":{"rendered":"Conf\u00e9rence: \u00ab\u00a0Nos Corps, Nos Choix, l&rsquo;autonomie corporelle remise en question\u00a0\u00bb"},"content":{"rendered":"<div class=\"\">\n<p><a href=\"https:\/\/www.asso-unil.ch\/grc\/files\/2018\/04\/30264640_2045624585649260_7844702245101764608_o.jpg\"><img alt=\"\" loading=\"lazy\" decoding=\"async\" class=\"alignnone size-medium wp-image-2332 aligncenter\" src=\"https:\/\/www.asso-unil.ch\/grc\/files\/2018\/04\/30264640_2045624585649260_7844702245101764608_o-300x200.jpg\" alt=\"\" width=\"300\" height=\"200\" srcset=\"https:\/\/www.asso-unil.ch\/grc\/files\/2018\/04\/30264640_2045624585649260_7844702245101764608_o-300x200.jpg 300w, https:\/\/www.asso-unil.ch\/grc\/files\/2018\/04\/30264640_2045624585649260_7844702245101764608_o-1024x683.jpg 1024w, https:\/\/www.asso-unil.ch\/grc\/files\/2018\/04\/30264640_2045624585649260_7844702245101764608_o-768x512.jpg 768w, https:\/\/www.asso-unil.ch\/grc\/files\/2018\/04\/30264640_2045624585649260_7844702245101764608_o.jpg 1200w\" sizes=\"auto, (max-width: 300px) 100vw, 300px\" \/><\/a><\/p>\n<p><strong>Jeudi 19 avril 2018, 17h15-19h, g\u00e9opolis 2129<\/strong><\/p>\n<p class=\"_1mf _1mj\">Dans le cadre de son <a href=\"https:\/\/www.asso-unil.ch\/grc\/2018\/02\/cycle-de-conferences-actualite-des-mobilisations-feministes\/\">cycle de conf\u00e9rence sur l&rsquo;actualit\u00e9 des mouvements f\u00e9ministes<\/a>, le GRC a le plaisir de vous inviter \u00e0 une conf\u00e9rence intitul\u00e9e: \u00ab\u00a0Nos Corps, Nos Choix, l&rsquo;autonomie corporelle remise en question\u00a0\u00bb.<\/p>\n<\/div>\n<div class=\"_1mf _1mj\">De la Pologne au Salvador en passant par les Etats-Unis, nous assistons \u00e0 une remise en question des droits sexuels et reproductifs et du principe de libert\u00e9 \u00e0 disposer de son propre corps. Si l&rsquo;autonomie corporelle et reproductive des femmes et des personnes ayant un ut\u00e9rus a toujours \u00e9t\u00e9 un sujet de d\u00e9bat public, d\u00e9poss\u00e9dant le plus souvent les premi\u00e8res concern\u00e9es de leur agentivit\u00e9 quant \u00e0 leurs choix, l&rsquo;on assiste depuis quelques ann\u00e9es \u00e0 une cristallisation et \u00e0 un durcissement des positions conservatrices sur ces questions, durcissement port\u00e9 par des mouvements politiques r\u00e9actionnaires, soutenu par un contexte de pr\u00e9carisation \u00e9conomique et de racisme, transphobie et validisme structurels. Quelles cons\u00e9quences ces menaces sur les droits sexuels et reproductifs ont-elles sur les personnes concern\u00e9es, notamment sur celles structurellement d\u00e9j\u00e0 marginalis\u00e9es et quelles strat\u00e9gies de mobilisation en r\u00e9ponse \u00e0 ces menaces constantes sont possibles?<\/div>\n<div class=\"_1mf _1mj\">Pour en discuter nous aurons le plaisir d&rsquo;accueillir Paola Salwan Daher, repr\u00e9sentante du plaidoyer aupr\u00e8s de l&rsquo;ONU au centre pour les droits reproductifs et militante f\u00e9ministe.<\/div>\n<div class=\"_1mf _1mj\">On se r\u00e9jouit de vous y voir nombreux.ses!<\/div>\n<div class=\"\">\n<p class=\"_1mf _1mj\">Le GRC<\/p>\n<\/div>\n","protected":false},"excerpt":{"rendered":"<p>Jeudi 19 avril 2018, 17h15-19h, g\u00e9opolis 2129 Dans le cadre de son cycle de conf\u00e9rence sur l&rsquo;actualit\u00e9 des mouvements f\u00e9ministes, le GRC a le plaisir de vous inviter \u00e0 une &hellip; <\/p>\n","protected":false},"author":1001103,"featured_media":0,"comment_status":"closed","ping_status":"closed","sticky":false,"template":"","format":"standard","meta":{"_seopress_robots_primary_cat":"","_seopress_titles_title":"","_seopress_titles_desc":"","_seopress_robots_index":"","footnotes":""},"categories":[5,75,9,76,10,74,57,14],"tags":[],"class_list":{"0":"post-2331","1":"post","2":"type-post","3":"status-publish","4":"format-standard","6":"category-conference-debat","7":"category-discussion","8":"category-feminisme","9":"category-genre-et-sexualite","10":"category-imperialisme","11":"category-luttes-lgbt","12":"category-migration-racisme-et-xenophobie","13":"category-politique-societe-culture"},"_links":{"self":[{"href":"https:\/\/www.asso-unil.ch\/grc\/wp-json\/wp\/v2\/posts\/2331","targetHints":{"allow":["GET"]}}],"collection":[{"href":"https:\/\/www.asso-unil.ch\/grc\/wp-json\/wp\/v2\/posts"}],"about":[{"href":"https:\/\/www.asso-unil.ch\/grc\/wp-json\/wp\/v2\/types\/post"}],"author":[{"embeddable":true,"href":"https:\/\/www.asso-unil.ch\/grc\/wp-json\/wp\/v2\/users\/1001103"}],"replies":[{"embeddable":true,"href":"https:\/\/www.asso-unil.ch\/grc\/wp-json\/wp\/v2\/comments?post=2331"}],"version-history":[{"count":0,"href":"https:\/\/www.asso-unil.ch\/grc\/wp-json\/wp\/v2\/posts\/2331\/revisions"}],"wp:attachment":[{"href":"https:\/\/www.asso-unil.ch\/grc\/wp-json\/wp\/v2\/media?parent=2331"}],"wp:term":[{"taxonomy":"category","embeddable":true,"href":"https:\/\/www.asso-unil.ch\/grc\/wp-json\/wp\/v2\/categories?post=2331"},{"taxonomy":"post_tag","embeddable":true,"href":"https:\/\/www.asso-unil.ch\/grc\/wp-json\/wp\/v2\/tags?post=2331"}],"curies":[{"name":"wp","href":"https:\/\/api.w.org\/{rel}","templated":true}]}}