{"id":2295,"date":"2018-02-21T17:28:14","date_gmt":"2018-02-21T16:28:14","guid":{"rendered":"http:\/\/www.asso-unil.ch\/grc\/?p=2295"},"modified":"2018-02-22T17:39:25","modified_gmt":"2018-02-22T16:39:25","slug":"conference-debat-initiative-pour-le-remboursement-des-soins-dentaires-quels-enjeux-pour-quelles-perspectives","status":"publish","type":"post","link":"https:\/\/www.asso-unil.ch\/grc\/2018\/02\/conference-debat-initiative-pour-le-remboursement-des-soins-dentaires-quels-enjeux-pour-quelles-perspectives\/","title":{"rendered":"Conf\u00e9rence\/d\u00e9bat : \u00ab\u00a0Initiative pour le remboursement des soins dentaires : quels enjeux pour quelles perspectives ?\u00a0\u00bb"},"content":{"rendered":"<p><a href=\"https:\/\/www.asso-unil.ch\/grc\/files\/2018\/02\/28168677_2023672097844509_9132075998806402499_n.jpg\"><img alt=\"\" loading=\"lazy\" decoding=\"async\" class=\"size-medium wp-image-2296 aligncenter\" src=\"https:\/\/www.asso-unil.ch\/grc\/files\/2018\/02\/28168677_2023672097844509_9132075998806402499_n-300x118.jpg\" alt=\"\" width=\"300\" height=\"118\" srcset=\"https:\/\/www.asso-unil.ch\/grc\/files\/2018\/02\/28168677_2023672097844509_9132075998806402499_n-300x118.jpg 300w, https:\/\/www.asso-unil.ch\/grc\/files\/2018\/02\/28168677_2023672097844509_9132075998806402499_n.jpg 483w\" sizes=\"auto, (max-width: 300px) 100vw, 300px\" \/><\/a><\/p>\n<p style=\"text-align: left\"><strong>Jeudi 22 f\u00e9vrier 2018, \u00e0 17h15, g\u00e9opolis 2129.<\/strong><\/p>\n<p>Pour sa rentr\u00e9e universitaire, le Groupe Regards Critiques a le plaisir de vous convier \u00e0 une conf\u00e9rence\/d\u00e9bat intitul\u00e9e \u00ab\u00a0Initiative pour le remboursement des soins dentaires : quels enjeux pour quelles perspectives ?\u00a0\u00bb.<\/p>\n<p>Le 4 mars prochain, les Vaudois.e.s voteront sur l&rsquo;initiative cantonale pour le remboursement des soins dentaires.<br \/>\nComment l&rsquo;initiative a-t-elle \u00e9t\u00e9 con\u00e7ue ? Quels sont les enjeux politiques, \u00e9conomiques et sociaux qui sous-tendent la cr\u00e9ation d&rsquo;une nouvelle assurance sociale cantonale ?<br \/>\nPour en d\u00e9battre, nous avons le plaisir de recevoir Pierre Conscience, coordinateur du comit\u00e9 d&rsquo;initiative, et conseiller communal Ensemble \u00e0 Gauche, et Sonya Butera, d\u00e9put\u00e9e et m\u00e9decin-dentiste.<\/p>\n<p>Venez nombreux.se.s, on se r\u00e9jouit de vous retrouver !<br \/>\nLe GRC<\/p>\n","protected":false},"excerpt":{"rendered":"<p>Jeudi 22 f\u00e9vrier 2018, \u00e0 17h15, g\u00e9opolis 2129. Pour sa rentr\u00e9e universitaire, le Groupe Regards Critiques a le plaisir de vous convier \u00e0 une conf\u00e9rence\/d\u00e9bat intitul\u00e9e \u00ab\u00a0Initiative pour le remboursement &hellip; <\/p>\n","protected":false},"author":1001103,"featured_media":0,"comment_status":"closed","ping_status":"closed","sticky":false,"template":"","format":"standard","meta":{"_seopress_robots_primary_cat":"","_seopress_titles_title":"","_seopress_titles_desc":"","_seopress_robots_index":"","footnotes":""},"categories":[5,14,59,47],"tags":[],"class_list":{"0":"post-2295","1":"post","2":"type-post","3":"status-publish","4":"format-standard","6":"category-conference-debat","7":"category-politique-societe-culture","8":"category-travail","9":"category-suisse"},"_links":{"self":[{"href":"https:\/\/www.asso-unil.ch\/grc\/wp-json\/wp\/v2\/posts\/2295","targetHints":{"allow":["GET"]}}],"collection":[{"href":"https:\/\/www.asso-unil.ch\/grc\/wp-json\/wp\/v2\/posts"}],"about":[{"href":"https:\/\/www.asso-unil.ch\/grc\/wp-json\/wp\/v2\/types\/post"}],"author":[{"embeddable":true,"href":"https:\/\/www.asso-unil.ch\/grc\/wp-json\/wp\/v2\/users\/1001103"}],"replies":[{"embeddable":true,"href":"https:\/\/www.asso-unil.ch\/grc\/wp-json\/wp\/v2\/comments?post=2295"}],"version-history":[{"count":0,"href":"https:\/\/www.asso-unil.ch\/grc\/wp-json\/wp\/v2\/posts\/2295\/revisions"}],"wp:attachment":[{"href":"https:\/\/www.asso-unil.ch\/grc\/wp-json\/wp\/v2\/media?parent=2295"}],"wp:term":[{"taxonomy":"category","embeddable":true,"href":"https:\/\/www.asso-unil.ch\/grc\/wp-json\/wp\/v2\/categories?post=2295"},{"taxonomy":"post_tag","embeddable":true,"href":"https:\/\/www.asso-unil.ch\/grc\/wp-json\/wp\/v2\/tags?post=2295"}],"curies":[{"name":"wp","href":"https:\/\/api.w.org\/{rel}","templated":true}]}}