{"id":2232,"date":"2017-11-09T17:29:39","date_gmt":"2017-11-09T16:29:39","guid":{"rendered":"http:\/\/www.asso-unil.ch\/grc\/?p=2232"},"modified":"2019-11-12T19:09:11","modified_gmt":"2019-11-12T18:09:11","slug":"prochaines-activites","status":"publish","type":"post","link":"https:\/\/www.asso-unil.ch\/grc\/2017\/11\/prochaines-activites\/","title":{"rendered":"Prochaines activit\u00e9s"},"content":{"rendered":"<p>Bonjour \u00e0 toutes et tous!<\/p>\n<p>Vous trouverez ci-dessous l&rsquo;agenda des prochaines activit\u00e9s organis\u00e9es par le Groupes Regards Critiques:<\/p>\n<p><strong>Jeudi 24 novembre: Vide Grenier de le revue Nouvelles Questions F\u00e9ministes et ap\u00e9ritif:\u00a0<\/strong>Vente d&rsquo;anciens num\u00e9ro de la revue NQF \u00e0 prix sympa!<\/p>\n<p><strong>Mardi 6 d\u00e9cembre: Projection du documentaire <i>A pesar de todo<\/i> et discussion avec le r\u00e9alisateur Juan Carlos Travieso (cin\u00e9aste cubain)<\/strong><\/p>\n<p>De plus amples informations suivront prochainement!<\/p>\n","protected":false},"excerpt":{"rendered":"<p>Bonjour \u00e0 toutes et tous! Vous trouverez ci-dessous l&rsquo;agenda des prochaines activit\u00e9s organis\u00e9es par le Groupes Regards Critiques: Jeudi 24 novembre: Vide Grenier de le revue Nouvelles Questions F\u00e9ministes et &hellip; <\/p>\n","protected":false},"author":1001086,"featured_media":0,"comment_status":"closed","ping_status":"closed","sticky":false,"template":"","format":"standard","meta":{"_seopress_robots_primary_cat":"","_seopress_titles_title":"","_seopress_titles_desc":"","_seopress_robots_index":"","footnotes":""},"categories":[1],"tags":[],"class_list":{"0":"post-2232","1":"post","2":"type-post","3":"status-publish","4":"format-standard","6":"category-uncategorized"},"_links":{"self":[{"href":"https:\/\/www.asso-unil.ch\/grc\/wp-json\/wp\/v2\/posts\/2232","targetHints":{"allow":["GET"]}}],"collection":[{"href":"https:\/\/www.asso-unil.ch\/grc\/wp-json\/wp\/v2\/posts"}],"about":[{"href":"https:\/\/www.asso-unil.ch\/grc\/wp-json\/wp\/v2\/types\/post"}],"author":[{"embeddable":true,"href":"https:\/\/www.asso-unil.ch\/grc\/wp-json\/wp\/v2\/users\/1001086"}],"replies":[{"embeddable":true,"href":"https:\/\/www.asso-unil.ch\/grc\/wp-json\/wp\/v2\/comments?post=2232"}],"version-history":[{"count":0,"href":"https:\/\/www.asso-unil.ch\/grc\/wp-json\/wp\/v2\/posts\/2232\/revisions"}],"wp:attachment":[{"href":"https:\/\/www.asso-unil.ch\/grc\/wp-json\/wp\/v2\/media?parent=2232"}],"wp:term":[{"taxonomy":"category","embeddable":true,"href":"https:\/\/www.asso-unil.ch\/grc\/wp-json\/wp\/v2\/categories?post=2232"},{"taxonomy":"post_tag","embeddable":true,"href":"https:\/\/www.asso-unil.ch\/grc\/wp-json\/wp\/v2\/tags?post=2232"}],"curies":[{"name":"wp","href":"https:\/\/api.w.org\/{rel}","templated":true}]}}