{"id":2200,"date":"2016-11-17T09:36:50","date_gmt":"2016-11-17T08:36:50","guid":{"rendered":"http:\/\/www.asso-unil.ch\/grc\/?p=2200"},"modified":"2016-11-17T11:41:05","modified_gmt":"2016-11-17T10:41:05","slug":"2200","status":"publish","type":"post","link":"https:\/\/www.asso-unil.ch\/grc\/2016\/11\/2200\/","title":{"rendered":"Les jeunesses forment la r\u00e9volte: mobilisations des jeunes en France"},"content":{"rendered":"<p><img loading=\"lazy\" decoding=\"async\" class=\"shrinkToFit aligncenter\" src=\"https:\/\/scontent-amt2-1.xx.fbcdn.net\/t31.0-8\/14856189_1805651219646599_1717097176725857239_o.jpg\" alt=\"https:\/\/scontent-amt2-1.xx.fbcdn.net\/t31.0-8\/14856189_1805651219646599_1717097176725857239_o.jpg\" width=\"526\" height=\"351\" \/><\/p>\n<p><span class=\"_4n-j fsl\">Le Groupe Regards Critiques organise une conf\u00e9rence intitul\u00e9e:<\/span><\/p>\n<p><strong>Les jeunesses forment la r\u00e9volte: mobilisations des jeunes en France<\/strong><\/p>\n<p>Avec <strong>Tarik Safraoui,<\/strong> militant anticapitaliste, impliqu\u00e9 dans la mobilisation contre la loi travail, et dans nuit debout et r\u00e9alisateur engag\u00e9.<\/p>\n<p><span class=\"_4n-j fsl\"><strong>Jeudi 3 novembre de 17h15 \u00e0 19h, UNIL-Mouline G\u00e9opolis salle 2121<\/strong><\/span><\/p>\n<p>Entre les jeunes qui se sont r\u00e9volt\u00e9s en Mai 1968 \u00e0 Paris jusqu\u2019au jeunes qu\u2019on dit auto-entrepreneurs, voire micro-entrepreneurs, et les jeunes qui p\u00e9dalent aujourd\u2019hui dans les rues des capitales europ\u00e9ennes pour livrer des pizzas et gagner de quoi s\u2019en acheter, il y a bel et bien des points communs, de la d\u00e9pendance forc\u00e9e au cercle familial, de la pr\u00e9carit\u00e9 g\u00e9n\u00e9ralis\u00e9e, du manque de consid\u00e9ration sociale et politique en passant par <span class=\"text_exposed_show\">le m\u00e9pris paternaliste de la part du patron, du professeur, du flic.<\/span><\/p>\n<p>Quand on se r\u00e9volte, on nous dit bien gentiment : \u00ab Ca te passera avec l\u2019\u00e2ge \u00bb, mais &#8230; et si \u00e7a ne passait pas ? Si le point commun de tous ces jeunes, de celles et ceux qui se battent dans le mouvement \u00ab\u00a0Black Lives Matter\u00a0\u00bb, de celles et ceux qui se battent en Palestine contre l\u2019Apartheid, des jeunes qui se sont battus dans les luttes sociales traditionnelles ou pour les conditions d\u2019\u00e9tudes dignes et de celles et ceux qui se battent aux cris de \u00ab ZAD partout \u00bb, \u00ab NO TAV \u00bb ou encore \u00ab Qui va faire la vaisselle ? Nous on fait la r\u00e9volution \u00bb n\u2019\u00e9tait pas justement de se passer le flambeau d\u2019un espoir de changement r\u00e9volutionnaire de la soci\u00e9t\u00e9 ?<\/p>\n<p>Les mouvements de la jeunesse grecque des ann\u00e9es pass\u00e9es, la r\u00e9volte des jeunes de banlieues en 2005 en France, ou encore les mobilisation contre le Contrat Premi\u00e8re Embauche (CPE) ou contre la Loi Travail l\u2019ann\u00e9e pass\u00e9e rendent incontestable que la jeunesse joue un r\u00f4le particulier dans la lutte des classes \u00e0 l\u2019\u00e9chelle internationale. Alors m\u00eame qu\u2019elle ne poss\u00e8de pas vraiment les moyens de bloquer toute la machine \u00e9conomique, la jeunesse inqui\u00e8te les classes dominantes, que cela soit en soir\u00e9es ou en manifestations.<\/p>\n<p>Mais, et si le probl\u00e8me de la jeunesse \u00e9tait que quand on l\u2019invite\u2026 elle ne vient pas seule. Peut \u00eatre a-t-elle moins \u00e0 perdre dans les luttes, peut-\u00eatre est-elle moins ali\u00e9n\u00e9e, moins \u00ab\u00a0blas\u00e9e\u00a0\u00bb. Mais, une chose est s\u00fbre: la jeunesse, moins contr\u00f4lable et plus spontan\u00e9e, a une capacit\u00e9 \u00e0 entrainer les luttes.<\/p>\n<p>On vous attend nombreuses et nombreux,<\/p>\n<p>Le Groupe Regards Critiques (GRC)<\/p>\n","protected":false},"excerpt":{"rendered":"<p>Le Groupe Regards Critiques organise une conf\u00e9rence intitul\u00e9e: Les jeunesses forment la r\u00e9volte: mobilisations des jeunes en France Avec Tarik Safraoui, militant anticapitaliste, impliqu\u00e9 dans la mobilisation contre la loi &hellip; <\/p>\n","protected":false},"author":1001086,"featured_media":0,"comment_status":"closed","ping_status":"closed","sticky":false,"template":"","format":"standard","meta":{"_seopress_robots_primary_cat":"","_seopress_titles_title":"","_seopress_titles_desc":"","_seopress_robots_index":"","footnotes":""},"categories":[14,59,56],"tags":[],"class_list":{"0":"post-2200","1":"post","2":"type-post","3":"status-publish","4":"format-standard","6":"category-politique-societe-culture","7":"category-travail","8":"category-revolution-mouvements-sociaux"},"_links":{"self":[{"href":"https:\/\/www.asso-unil.ch\/grc\/wp-json\/wp\/v2\/posts\/2200","targetHints":{"allow":["GET"]}}],"collection":[{"href":"https:\/\/www.asso-unil.ch\/grc\/wp-json\/wp\/v2\/posts"}],"about":[{"href":"https:\/\/www.asso-unil.ch\/grc\/wp-json\/wp\/v2\/types\/post"}],"author":[{"embeddable":true,"href":"https:\/\/www.asso-unil.ch\/grc\/wp-json\/wp\/v2\/users\/1001086"}],"replies":[{"embeddable":true,"href":"https:\/\/www.asso-unil.ch\/grc\/wp-json\/wp\/v2\/comments?post=2200"}],"version-history":[{"count":0,"href":"https:\/\/www.asso-unil.ch\/grc\/wp-json\/wp\/v2\/posts\/2200\/revisions"}],"wp:attachment":[{"href":"https:\/\/www.asso-unil.ch\/grc\/wp-json\/wp\/v2\/media?parent=2200"}],"wp:term":[{"taxonomy":"category","embeddable":true,"href":"https:\/\/www.asso-unil.ch\/grc\/wp-json\/wp\/v2\/categories?post=2200"},{"taxonomy":"post_tag","embeddable":true,"href":"https:\/\/www.asso-unil.ch\/grc\/wp-json\/wp\/v2\/tags?post=2200"}],"curies":[{"name":"wp","href":"https:\/\/api.w.org\/{rel}","templated":true}]}}