{"id":2085,"date":"2015-05-04T10:34:29","date_gmt":"2015-05-04T08:34:29","guid":{"rendered":"http:\/\/www.asso-unil.ch\/grc\/?p=2085"},"modified":"2015-05-04T10:34:29","modified_gmt":"2015-05-04T08:34:29","slug":"lantiracisme-dans-la-communication-degalite-et-reconciliation","status":"publish","type":"post","link":"https:\/\/www.asso-unil.ch\/grc\/2015\/05\/lantiracisme-dans-la-communication-degalite-et-reconciliation\/","title":{"rendered":"L\u2019antiracisme dans la communication d\u2019Egalit\u00e9 et R\u00e9conciliation"},"content":{"rendered":"<h2><\/h2>\n<p style=\"text-align: justify\"><a href=\"https:\/\/www.asso-unil.ch\/grc\/files\/2012\/03\/urlyy_0.jpg\"><img alt=\"\" loading=\"lazy\" decoding=\"async\" class=\" wp-image-2084 size-medium alignright\" src=\"https:\/\/www.asso-unil.ch\/grc\/files\/2012\/03\/urlyy_0-300x138.jpg\" alt=\"\" width=\"300\" height=\"138\" srcset=\"https:\/\/www.asso-unil.ch\/grc\/files\/2012\/03\/urlyy_0-300x138.jpg 300w, https:\/\/www.asso-unil.ch\/grc\/files\/2012\/03\/urlyy_0.jpg 628w\" sizes=\"auto, (max-width: 300px) 100vw, 300px\" \/><\/a><a href=\"https:\/\/www.asso-unil.ch\/grc\/files\/2012\/03\/urlyy_0.jpg\"><strong>Jeudi 07 mai, 17h15<br \/>\n<\/strong><\/a><strong>G\u00e9opolis, salle 2121<\/strong><\/p>\n<p style=\"text-align: justify\">Avec <span style=\"color: #000000\"><strong><span style=\"color: #ff0000\">Elsa Gimenez<\/span><\/strong>,<\/span>\u00a0assistante en sociologie \u00e0 l&rsquo;universit\u00e9 de Lausanne.<\/p>\n<p style=\"text-align: justify\">Depuis plusieurs ann\u00e9es le collectif Egalit\u00e9 et R\u00e9conciliation dirig\u00e9 par Alain Soral se d\u00e9veloppe et gagne du terrain. Ce collectif fran\u00e7ais longtemps proche du front national et qui nourrit des relations avec des mouvements d\u2019extr\u00eame droite s\u2019empare pourtant d\u2019espaces th\u00e9matiques historiquement r\u00e9serv\u00e9s \u00e0 la gauche. C\u2019est le cas de l\u2019antiracisme. Afin de comprendre la position de ce collectif dans ces luttes il est possible d\u2019identifier au sein de la communication d\u2019E&amp;R diff\u00e9rentes d\u00e9clinaisons : du non-racisme \u00e0 l\u2019anti-antiracisme.<\/p>\n<p>&nbsp;<\/p>\n","protected":false},"excerpt":{"rendered":"<p>Jeudi 07 mai, 17h15 G\u00e9opolis, salle 2121 Avec Elsa Gimenez,\u00a0assistante en sociologie \u00e0 l&rsquo;universit\u00e9 de Lausanne. Depuis plusieurs ann\u00e9es le collectif Egalit\u00e9 et R\u00e9conciliation dirig\u00e9 par Alain Soral se d\u00e9veloppe &hellip; <\/p>\n","protected":false},"author":1001010,"featured_media":0,"comment_status":"closed","ping_status":"closed","sticky":false,"template":"","format":"standard","meta":{"_seopress_robots_primary_cat":"","_seopress_titles_title":"","_seopress_titles_desc":"","_seopress_robots_index":"","footnotes":""},"categories":[1],"tags":[],"class_list":{"0":"post-2085","1":"post","2":"type-post","3":"status-publish","4":"format-standard","6":"category-uncategorized"},"_links":{"self":[{"href":"https:\/\/www.asso-unil.ch\/grc\/wp-json\/wp\/v2\/posts\/2085","targetHints":{"allow":["GET"]}}],"collection":[{"href":"https:\/\/www.asso-unil.ch\/grc\/wp-json\/wp\/v2\/posts"}],"about":[{"href":"https:\/\/www.asso-unil.ch\/grc\/wp-json\/wp\/v2\/types\/post"}],"author":[{"embeddable":true,"href":"https:\/\/www.asso-unil.ch\/grc\/wp-json\/wp\/v2\/users\/1001010"}],"replies":[{"embeddable":true,"href":"https:\/\/www.asso-unil.ch\/grc\/wp-json\/wp\/v2\/comments?post=2085"}],"version-history":[{"count":0,"href":"https:\/\/www.asso-unil.ch\/grc\/wp-json\/wp\/v2\/posts\/2085\/revisions"}],"wp:attachment":[{"href":"https:\/\/www.asso-unil.ch\/grc\/wp-json\/wp\/v2\/media?parent=2085"}],"wp:term":[{"taxonomy":"category","embeddable":true,"href":"https:\/\/www.asso-unil.ch\/grc\/wp-json\/wp\/v2\/categories?post=2085"},{"taxonomy":"post_tag","embeddable":true,"href":"https:\/\/www.asso-unil.ch\/grc\/wp-json\/wp\/v2\/tags?post=2085"}],"curies":[{"name":"wp","href":"https:\/\/api.w.org\/{rel}","templated":true}]}}