{"id":2076,"date":"2015-04-28T19:03:07","date_gmt":"2015-04-28T17:03:07","guid":{"rendered":"http:\/\/www.asso-unil.ch\/grc\/?p=2076"},"modified":"2015-04-28T19:03:25","modified_gmt":"2015-04-28T17:03:25","slug":"secularism-and-sexuality-a-genealogy-through-family-law","status":"publish","type":"post","link":"https:\/\/www.asso-unil.ch\/grc\/2015\/04\/secularism-and-sexuality-a-genealogy-through-family-law\/","title":{"rendered":"Secularism and Sexuality: A Genealogy through Family Law"},"content":{"rendered":"<p style=\"text-align: justify\"><em>Le Groupe Regards Critiques soutient la conf\u00e9rence publique co-organis\u00e9e par l&rsquo;Institut des Etudes genre et le Programme doctoral en Etudes genre CUSO dans le cadre du module doctoral\u00a0\u00abLe genre tout terrain. Des sexualit\u00e9s au religieux: quelles approches anthropologiques du genre?\u00bb (UNIGE, 5-6 mai 2015).<\/em><\/p>\n<p><span style=\"color: #000000\"><strong>Mardi 5 mais 30, 18h15<\/strong><\/span><br \/>\n<span style=\"color: #000000\"><b>Uni Mail, salle MS 150<\/b><\/span><\/p>\n<p><em>Adresse: 40 bd du Pont-d&rsquo;Arve, Gen\u00e8ve.<\/em><\/p>\n<p style=\"text-align: justify\">Avec\u00a0<strong><span style=\"color: #800080\">Prof. Saba Mahmood<\/span><\/strong>, D\u00e9partement d&rsquo;anthropologie, Universit\u00e9 de Californie &#8211; Berkeley.<\/p>\n<div class=\"page\" title=\"Page 2\">\n<div class=\"section\">\n<div class=\"layoutArea\">\n<div class=\"column\">\n<p style=\"text-align: justify\">Saba Mahmood est une sp\u00e9cialiste de l\u2019islam, du genre et de la soci\u00e9t\u00e9 \u00e9gyptienne. Ses recherches se concentrent plus largement sur les liens entre politique religieuse et la\u00efcit\u00e9 dans les soci\u00e9t\u00e9s postcoloniales en Europe et au Moyen-Orient avec une attention particuli\u00e8re \u00e0 la construction du droit, de l\u2019\u00e9galit\u00e9, de l\u2019\u00e9thique, de la la\u00efcit\u00e9 et des sexualit\u00e9s.\u00a0Son travail est surtout connu pour ses analyses sur la construction des fronti\u00e8res entre \u00e9thique et politique, libert\u00e9s et oppressions, religieux et profane, ou encore assujettissement et capacit\u00e9 d\u2019agir (agency).\u00a0Dans des enqu\u00eates anthropologiques minutieuses, elle rend compte de pratiques rituelles des femmes et propose \u00e0 partir de ce mat\u00e9riau une critique th\u00e9orique de la la\u00efcit\u00e9 lib\u00e9rale (Politique de la pi\u00e9t\u00e9, Le f\u00e9minisme \u00e0 l\u2019\u00e9preuve du renouveau islamique, Paris, La D\u00e9couverte, 2009). Depuis quelques ann\u00e9es, elle travaille sur les droits des \u00ab minorit\u00e9s \u00bb non musulmanes au Moyen-Orient et sur la fa\u00e7on dont les conceptualisations normatives de la libert\u00e9, de la religion, de la communaut\u00e9 et de la citoyennet\u00e9 sont d\u00e9!nies dans le droit r\u00e9cent en Europe et au Moyen-Orient.\u00a0Lors de sa conf\u00e9rence, Saba Mahmood reviendra sur ces th\u00e8mes a!n d\u2019interroger les notions de \u00ab la\u00efcit\u00e9 \u00bb et de \u00ab sexualit\u00e9 \u00bb \u00e0 travers une g\u00e9n\u00e9alogie du droit de la famille.<\/p>\n<\/div>\n<\/div>\n<\/div>\n<\/div>\n","protected":false},"excerpt":{"rendered":"<p>Le Groupe Regards Critiques soutient la conf\u00e9rence publique co-organis\u00e9e par l&rsquo;Institut des Etudes genre et le Programme doctoral en Etudes genre CUSO dans le cadre du module doctoral\u00a0\u00abLe genre tout &hellip; <\/p>\n","protected":false},"author":1001015,"featured_media":0,"comment_status":"closed","ping_status":"closed","sticky":false,"template":"","format":"standard","meta":{"_seopress_robots_primary_cat":"","_seopress_titles_title":"","_seopress_titles_desc":"","_seopress_robots_index":"","footnotes":""},"categories":[1],"tags":[],"class_list":{"0":"post-2076","1":"post","2":"type-post","3":"status-publish","4":"format-standard","6":"category-uncategorized"},"_links":{"self":[{"href":"https:\/\/www.asso-unil.ch\/grc\/wp-json\/wp\/v2\/posts\/2076","targetHints":{"allow":["GET"]}}],"collection":[{"href":"https:\/\/www.asso-unil.ch\/grc\/wp-json\/wp\/v2\/posts"}],"about":[{"href":"https:\/\/www.asso-unil.ch\/grc\/wp-json\/wp\/v2\/types\/post"}],"author":[{"embeddable":true,"href":"https:\/\/www.asso-unil.ch\/grc\/wp-json\/wp\/v2\/users\/1001015"}],"replies":[{"embeddable":true,"href":"https:\/\/www.asso-unil.ch\/grc\/wp-json\/wp\/v2\/comments?post=2076"}],"version-history":[{"count":0,"href":"https:\/\/www.asso-unil.ch\/grc\/wp-json\/wp\/v2\/posts\/2076\/revisions"}],"wp:attachment":[{"href":"https:\/\/www.asso-unil.ch\/grc\/wp-json\/wp\/v2\/media?parent=2076"}],"wp:term":[{"taxonomy":"category","embeddable":true,"href":"https:\/\/www.asso-unil.ch\/grc\/wp-json\/wp\/v2\/categories?post=2076"},{"taxonomy":"post_tag","embeddable":true,"href":"https:\/\/www.asso-unil.ch\/grc\/wp-json\/wp\/v2\/tags?post=2076"}],"curies":[{"name":"wp","href":"https:\/\/api.w.org\/{rel}","templated":true}]}}