{"id":2047,"date":"2015-04-11T14:55:07","date_gmt":"2015-04-11T12:55:07","guid":{"rendered":"http:\/\/www.asso-unil.ch\/grc\/?p=2047"},"modified":"2015-04-11T15:01:42","modified_gmt":"2015-04-11T13:01:42","slug":"la-situation-et-les-droits-des-refugie-e-s-en-suisse","status":"publish","type":"post","link":"https:\/\/www.asso-unil.ch\/grc\/2015\/04\/la-situation-et-les-droits-des-refugie-e-s-en-suisse\/","title":{"rendered":"La situation et les droits des r\u00e9fugi\u00e9-e-s en Suisse"},"content":{"rendered":"<p><strong>Mercredi 15 avril, 17h15<\/strong><br \/>\n<strong>Anthropole, salle 2055<\/strong><\/p>\n<p style=\"text-align: justify\"><a href=\"https:\/\/www.asso-unil.ch\/grc\/files\/2012\/03\/Banderole-Renvoi-Dublin.jpg\"><img loading=\"lazy\" decoding=\"async\" class=\" size-medium wp-image-2046 alignright\" src=\"https:\/\/www.asso-unil.ch\/grc\/files\/2012\/03\/Banderole-Renvoi-Dublin-300x199.jpg\" alt=\"Banderole Renvoi Dublin\" width=\"300\" height=\"199\" srcset=\"https:\/\/www.asso-unil.ch\/grc\/files\/2012\/03\/Banderole-Renvoi-Dublin-300x199.jpg 300w, https:\/\/www.asso-unil.ch\/grc\/files\/2012\/03\/Banderole-Renvoi-Dublin.jpg 960w\" sizes=\"auto, (max-width: 300px) 100vw, 300px\" \/><\/a>Discussion avec\u00a0<strong><span style=\"color: #ff0000\">Dario Lopreno<\/span><\/strong>, membre du SSP, militant en d\u00e9fense des droits des immigr\u00e9\u00b7e\u00b7s de longue date et\u00a0<strong><span style=\"color: #ff0000\">t\u00e9moignages de membres du collectif R<span style=\"color: #000000\">.<\/span><\/span><\/strong><\/p>\n<p style=\"text-align: justify\">Quelle est la situation des requ\u00e9rant\u00b7e\u00b7s d\u2019asile en Suisse? Que contiennent les accords de Dublin? Pourquoi et qui migre? Quelles sont les pratiques de la Suisse en mati\u00e8re d\u2019asile? Quels droits et quelle solidarit\u00e9 d\u00e9fendre?<\/p>\n<p style=\"text-align: justify\"><em>Depuis le 8 mars, un collectif de migrant\u00b7e\u00b7s menac\u00e9\u00b7e\u00b7s de renvoi et de personnes solidaires occupent l\u2019Eglise de Saint-Laurent \u00e0 Lausanne. Ils appellent les autorit\u00e9s \u00e0 ne pas appliquer les renvois tels que pr\u00e9vus par les accords de Dublin.<\/em><\/p>\n<p style=\"text-align: justify\"><em>Un groupe d\u2019\u00e9tudiant\u00b7e\u00b7s organise \u00e0 l\u2019Universit\u00e9 des activit\u00e9s en solidarit\u00e9, dont cette discussion.<\/em><\/p>\n<p style=\"text-align: justify\">\u00a0En 2014, plus de 3500 migrant\u00b7e\u00b7s sont morts en M\u00e9diterran\u00e9e alors qu\u2019ils tentaient de rejoindre l\u2019Europe. Depuis le d\u00e9but de l\u2019ann\u00e9e, il n\u2019y a gu\u00e8re de semaine sans que ne s\u2019ajoute de nouvelles victimes. La demande d\u2019asile de ceux et celles qui parviennent en Europe doit, en vertu des accords dits de Dublin, \u00eatre trait\u00e9e par le premier Etat travers\u00e9, dit \u00abEtat responsable\u00bb. En r\u00e9alit\u00e9, il s\u2019agit d\u2019une v\u00e9ritable \u00abloterie\u00bb en raison des disparit\u00e9s de traitement et de respects des droits. Pire, les interdictions de travailler, la marginalisation voire la \u00abr\u00e9tention\u00bb font partie du quotidien de milliers de migrant\u00b7e\u00b7s.<\/p>\n<p style=\"text-align: justify\">La Suisse est signataire des accords de Dublin. Comme elle est rarement, en raison de sa position g\u00e9ographique, \u00abEtat responsable du traitement des demandes\u00bb, elle proc\u00e8de \u00e0 de nombreux renvois. Ainsi, en 2014,\u00a0<em>\u00absur les 8590 personnes\u00a0<\/em>[renvoy\u00e9\u00b7e\u00b7s]<em>, quelque 6000 demandeurs d\u2019asile ont \u00e9t\u00e9 d\u00e9bout\u00e9s de force, escort\u00e9s par la police jusqu\u2019\u00e0 l\u2019avion, et 252 requ\u00e9rants ont d\u00fb prendre un vol sp\u00e9cial\u00bb<\/em>\u00a0(<em>Le Temps<\/em>, 9.02.2015).<\/p>\n<p>Collectif Unil de soutien au refuge de St-Laurent<\/p>\n<p>Contact: refugeunil@sud-ep.ch<\/p>\n<p>Soutenu par le Groupe Regards Critiques (GRC), le Cercle la br\u00e8che.<\/p>\n","protected":false},"excerpt":{"rendered":"<p>Mercredi 15 avril, 17h15 Anthropole, salle 2055 Discussion avec\u00a0Dario Lopreno, membre du SSP, militant en d\u00e9fense des droits des immigr\u00e9\u00b7e\u00b7s de longue date et\u00a0t\u00e9moignages de membres du collectif R. Quelle &hellip; <\/p>\n","protected":false},"author":1001015,"featured_media":0,"comment_status":"closed","ping_status":"closed","sticky":false,"template":"","format":"standard","meta":{"_seopress_robots_primary_cat":"","_seopress_titles_title":"","_seopress_titles_desc":"","_seopress_robots_index":"","footnotes":""},"categories":[64,5,75,57],"tags":[],"class_list":{"0":"post-2047","1":"post","2":"type-post","3":"status-publish","4":"format-standard","6":"category-actions-critiques","7":"category-conference-debat","8":"category-discussion","9":"category-migration-racisme-et-xenophobie"},"_links":{"self":[{"href":"https:\/\/www.asso-unil.ch\/grc\/wp-json\/wp\/v2\/posts\/2047","targetHints":{"allow":["GET"]}}],"collection":[{"href":"https:\/\/www.asso-unil.ch\/grc\/wp-json\/wp\/v2\/posts"}],"about":[{"href":"https:\/\/www.asso-unil.ch\/grc\/wp-json\/wp\/v2\/types\/post"}],"author":[{"embeddable":true,"href":"https:\/\/www.asso-unil.ch\/grc\/wp-json\/wp\/v2\/users\/1001015"}],"replies":[{"embeddable":true,"href":"https:\/\/www.asso-unil.ch\/grc\/wp-json\/wp\/v2\/comments?post=2047"}],"version-history":[{"count":0,"href":"https:\/\/www.asso-unil.ch\/grc\/wp-json\/wp\/v2\/posts\/2047\/revisions"}],"wp:attachment":[{"href":"https:\/\/www.asso-unil.ch\/grc\/wp-json\/wp\/v2\/media?parent=2047"}],"wp:term":[{"taxonomy":"category","embeddable":true,"href":"https:\/\/www.asso-unil.ch\/grc\/wp-json\/wp\/v2\/categories?post=2047"},{"taxonomy":"post_tag","embeddable":true,"href":"https:\/\/www.asso-unil.ch\/grc\/wp-json\/wp\/v2\/tags?post=2047"}],"curies":[{"name":"wp","href":"https:\/\/api.w.org\/{rel}","templated":true}]}}