{"id":2034,"date":"2015-04-11T14:28:30","date_gmt":"2015-04-11T12:28:30","guid":{"rendered":"http:\/\/www.asso-unil.ch\/grc\/?p=2034"},"modified":"2015-04-13T01:06:47","modified_gmt":"2015-04-12T23:06:47","slug":"accaparement-des-terres-et-resistances-paysannes-au-bresil-la-lutte-du-mouvement-des-sans-terre-contre-les-transnationales-de-lagro-business","status":"publish","type":"post","link":"https:\/\/www.asso-unil.ch\/grc\/2015\/04\/accaparement-des-terres-et-resistances-paysannes-au-bresil-la-lutte-du-mouvement-des-sans-terre-contre-les-transnationales-de-lagro-business\/","title":{"rendered":"Accaparement des terres et r\u00e9sistances paysannes au Br\u00e9sil: la lutte du Mouvement des Sans Terre contre les transnationales de l&rsquo;agro-business."},"content":{"rendered":"<p><span style=\"color: #008000\"><strong>Jeudi 16 avril , 17h15<\/strong><\/span><br \/>\n<span style=\"color: #008000\"><strong>G\u00e9opolis, salle 2121<\/strong><\/span><\/p>\n<p><a href=\"https:\/\/www.asso-unil.ch\/grc\/files\/2015\/04\/MST-banderole.jpg\"><img loading=\"lazy\" decoding=\"async\" class=\" size-medium wp-image-2037 alignright\" src=\"https:\/\/www.asso-unil.ch\/grc\/files\/2015\/04\/MST-banderole-300x200.jpg\" alt=\"MST banderole\" width=\"300\" height=\"200\" srcset=\"https:\/\/www.asso-unil.ch\/grc\/files\/2015\/04\/MST-banderole-300x200.jpg 300w, https:\/\/www.asso-unil.ch\/grc\/files\/2015\/04\/MST-banderole.jpg 600w\" sizes=\"auto, (max-width: 300px) 100vw, 300px\" \/><\/a><\/p>\n<p style=\"text-align: justify\">Avec\u00a0<strong>Edi Carlos<\/strong>, membre de la direction du MST. Il a men\u00e9 des luttes concr\u00e8tes contre les transnationales de l\u2019agrobusiness au Sud-Est de l\u2019immense Etat de Bahia (Nord-Est du pays).<\/p>\n<p style=\"text-align: justify\">L\u2019avanc\u00e9e des multinationales actives dans l\u2019agron\u00e9goce et l\u2019extraction mini\u00e8re cause un d\u00e9sastre \u00e9cologique et social au Br\u00e9sil. La concentration des terres aux mains d\u2019une poign\u00e9e de grands propri\u00e9taires, se renforce encore; les monocultures destin\u00e9es \u00e0 l\u2019exportation (soja, eucalyptus, ma\u00efs transg\u00e9nique, canne-\u00e0-sucre) remplacent les cultures vivri\u00e8res, d\u00e9gradent les sols et l\u2019environnement. Ce mode de production hautement m\u00e9canis\u00e9 emploie peu de main-d\u2019\u0153uvre et expulse les paysans de leurs terres.<\/p>\n<p style=\"text-align: justify\">Face \u00e0 l\u2019avanc\u00e9e des transnationales, les mouvements paysans et le Mouvement des Travailleurs ruraux Sans Terre, qui lutte depuis 30 ans pour la r\u00e9forme agraire au Br\u00e9sil, se retrouvent face \u00e0 de nouveaux d\u00e9fis. Il ne s\u2019agit plus de combattre seulement des latifundistes arri\u00e9r\u00e9s et violents, mais de modernes entreprises globalis\u00e9es, dont certaines ont leur si\u00e8ge en Suisse. Pour leur r\u00e9sister, la lutte doit donc s\u2019internationaliser.<\/p>\n","protected":false},"excerpt":{"rendered":"<p>Jeudi 16 avril , 17h15 G\u00e9opolis, salle 2121 Avec\u00a0Edi Carlos, membre de la direction du MST. Il a men\u00e9 des luttes concr\u00e8tes contre les transnationales de l\u2019agrobusiness au Sud-Est de &hellip; <\/p>\n","protected":false},"author":1001015,"featured_media":2037,"comment_status":"closed","ping_status":"closed","sticky":false,"template":"","format":"standard","meta":{"_seopress_robots_primary_cat":"","_seopress_titles_title":"","_seopress_titles_desc":"","_seopress_robots_index":"","footnotes":""},"categories":[5,8,56],"tags":[],"class_list":{"0":"post-2034","1":"post","2":"type-post","3":"status-publish","4":"format-standard","5":"has-post-thumbnail","7":"category-conference-debat","8":"category-environnement","9":"category-revolution-mouvements-sociaux"},"_links":{"self":[{"href":"https:\/\/www.asso-unil.ch\/grc\/wp-json\/wp\/v2\/posts\/2034","targetHints":{"allow":["GET"]}}],"collection":[{"href":"https:\/\/www.asso-unil.ch\/grc\/wp-json\/wp\/v2\/posts"}],"about":[{"href":"https:\/\/www.asso-unil.ch\/grc\/wp-json\/wp\/v2\/types\/post"}],"author":[{"embeddable":true,"href":"https:\/\/www.asso-unil.ch\/grc\/wp-json\/wp\/v2\/users\/1001015"}],"replies":[{"embeddable":true,"href":"https:\/\/www.asso-unil.ch\/grc\/wp-json\/wp\/v2\/comments?post=2034"}],"version-history":[{"count":0,"href":"https:\/\/www.asso-unil.ch\/grc\/wp-json\/wp\/v2\/posts\/2034\/revisions"}],"wp:featuredmedia":[{"embeddable":true,"href":"https:\/\/www.asso-unil.ch\/grc\/wp-json\/wp\/v2\/media\/2037"}],"wp:attachment":[{"href":"https:\/\/www.asso-unil.ch\/grc\/wp-json\/wp\/v2\/media?parent=2034"}],"wp:term":[{"taxonomy":"category","embeddable":true,"href":"https:\/\/www.asso-unil.ch\/grc\/wp-json\/wp\/v2\/categories?post=2034"},{"taxonomy":"post_tag","embeddable":true,"href":"https:\/\/www.asso-unil.ch\/grc\/wp-json\/wp\/v2\/tags?post=2034"}],"curies":[{"name":"wp","href":"https:\/\/api.w.org\/{rel}","templated":true}]}}