{"id":2024,"date":"2015-03-30T13:22:20","date_gmt":"2015-03-30T11:22:20","guid":{"rendered":"http:\/\/www.asso-unil.ch\/grc\/?p=2024"},"modified":"2015-03-30T13:31:44","modified_gmt":"2015-03-30T11:31:44","slug":"droitisation-du-mouvement-gay","status":"publish","type":"post","link":"https:\/\/www.asso-unil.ch\/grc\/2015\/03\/droitisation-du-mouvement-gay\/","title":{"rendered":"Droitisation du mouvement gay"},"content":{"rendered":"<h2><\/h2>\n<p><strong>Jeudi 2 avril, 17h15<\/strong><br \/>\n<strong>G\u00e9opolis, salle 2121<\/strong><\/p>\n<p style=\"text-align: justify\"><a href=\"https:\/\/www.asso-unil.ch\/grc\/files\/2012\/03\/love-gay.jpg\"><img loading=\"lazy\" decoding=\"async\" class=\"  wp-image-2023 alignright\" src=\"https:\/\/www.asso-unil.ch\/grc\/files\/2012\/03\/love-gay.jpg\" alt=\"love gay\" width=\"146\" height=\"156\" \/><\/a><\/p>\n<p style=\"text-align: justify\">Table ronde avec S\u00e9bastien Z\u00fcrcher et Muriel Bruttin, membres du Groupe Regards Critiques.<\/p>\n<p style=\"text-align: justify\">Historiquement pouss\u00e9es par classes les moins ais\u00e9es, les luttes LGBT \u00ab\u00a0mainstream\u00a0\u00bb sont d\u00e9sormais en proie \u00e0 un lib\u00e9ralisme certain qui voit l&rsquo;\u00e9galit\u00e9 des droits comme leur but final. N\u00e9anmoins par ce fait elles ne s&rsquo;int\u00e9ressent qu&rsquo;\u00e0 une classe ais\u00e9e de la soci\u00e9t\u00e9 et infligent un normatisme qui oublie le plus souvent les gens les plus d\u00e9favoris\u00e9s (en particulier les personnes de couleur et\/ou non-typiques dans leur expression de genre). Ainsi si l&rsquo;acquisition de droits tels que le mariage et l&rsquo;adoption gagne du terrain dans les soci\u00e9t\u00e9s occidentales, les questions de VIH, de pauvret\u00e9 et de violences, etc deviennent secondaires et m\u00eame ni\u00e9es dans l&rsquo;id\u00e9e d&rsquo;une soci\u00e9t\u00e9 post-homophobie. Il est donc n\u00e9cessaire d&rsquo;examiner les m\u00e9canismes li\u00e9s \u00e0 ce processus ainsi que les types d&rsquo;activisme qui \u0153uvrent \u00e0 une red\u00e9finition en profondeur du genre et de la sexualit\u00e9.<\/p>\n","protected":false},"excerpt":{"rendered":"<p>Jeudi 2 avril, 17h15 G\u00e9opolis, salle 2121 Table ronde avec S\u00e9bastien Z\u00fcrcher et Muriel Bruttin, membres du Groupe Regards Critiques. Historiquement pouss\u00e9es par classes les moins ais\u00e9es, les luttes LGBT &hellip; <\/p>\n","protected":false},"author":1001015,"featured_media":0,"comment_status":"closed","ping_status":"closed","sticky":false,"template":"","format":"standard","meta":{"_seopress_robots_primary_cat":"","_seopress_titles_title":"","_seopress_titles_desc":"","_seopress_robots_index":"","footnotes":""},"categories":[75,76,74],"tags":[],"class_list":{"0":"post-2024","1":"post","2":"type-post","3":"status-publish","4":"format-standard","6":"category-discussion","7":"category-genre-et-sexualite","8":"category-luttes-lgbt"},"_links":{"self":[{"href":"https:\/\/www.asso-unil.ch\/grc\/wp-json\/wp\/v2\/posts\/2024","targetHints":{"allow":["GET"]}}],"collection":[{"href":"https:\/\/www.asso-unil.ch\/grc\/wp-json\/wp\/v2\/posts"}],"about":[{"href":"https:\/\/www.asso-unil.ch\/grc\/wp-json\/wp\/v2\/types\/post"}],"author":[{"embeddable":true,"href":"https:\/\/www.asso-unil.ch\/grc\/wp-json\/wp\/v2\/users\/1001015"}],"replies":[{"embeddable":true,"href":"https:\/\/www.asso-unil.ch\/grc\/wp-json\/wp\/v2\/comments?post=2024"}],"version-history":[{"count":0,"href":"https:\/\/www.asso-unil.ch\/grc\/wp-json\/wp\/v2\/posts\/2024\/revisions"}],"wp:attachment":[{"href":"https:\/\/www.asso-unil.ch\/grc\/wp-json\/wp\/v2\/media?parent=2024"}],"wp:term":[{"taxonomy":"category","embeddable":true,"href":"https:\/\/www.asso-unil.ch\/grc\/wp-json\/wp\/v2\/categories?post=2024"},{"taxonomy":"post_tag","embeddable":true,"href":"https:\/\/www.asso-unil.ch\/grc\/wp-json\/wp\/v2\/tags?post=2024"}],"curies":[{"name":"wp","href":"https:\/\/api.w.org\/{rel}","templated":true}]}}