{"id":1871,"date":"2014-11-24T13:40:15","date_gmt":"2014-11-24T12:40:15","guid":{"rendered":"http:\/\/www.asso-unil.ch\/grc\/?p=1871"},"modified":"2014-11-24T14:19:44","modified_gmt":"2014-11-24T13:19:44","slug":"musique-et-revolution-une-histoire-politico-poetique-de-la-chanson-cubaine-contemporaine","status":"publish","type":"post","link":"https:\/\/www.asso-unil.ch\/grc\/2014\/11\/musique-et-revolution-une-histoire-politico-poetique-de-la-chanson-cubaine-contemporaine\/","title":{"rendered":"Musique et R\u00e9volution: une histoire politico-po\u00e9tique de la chanson cubaine contemporaine"},"content":{"rendered":"<h2>Cycle de conf\u00e9rences-concerts donn\u00e9s par le Dr Joaqu\u00edn Borges Triana et le Duo Jade<\/h2>\n<p><a href=\"https:\/\/www.asso-unil.ch\/grc\/files\/2014\/11\/Duo-Jade-Medium.jpg\"><img loading=\"lazy\" decoding=\"async\" class=\"alignright size-full wp-image-1872\" src=\"https:\/\/www.asso-unil.ch\/grc\/files\/2014\/11\/Duo-Jade-Medium.jpg\" alt=\"Duo Jade (Medium)\" width=\"800\" height=\"633\" srcset=\"https:\/\/www.asso-unil.ch\/grc\/files\/2014\/11\/Duo-Jade-Medium.jpg 800w, https:\/\/www.asso-unil.ch\/grc\/files\/2014\/11\/Duo-Jade-Medium-300x237.jpg 300w\" sizes=\"auto, (max-width: 800px) 100vw, 800px\" \/><\/a><\/p>\n<p>&nbsp;<\/p>\n<h1 style=\"text-align: center\"><strong>ZELIG \u00e0 20h30 pour <\/strong><\/h1>\n<h1 style=\"text-align: center\"><strong>CUBA: MUSIQUE ET REVOLUTION<\/strong><br \/>\n<strong>Concert de <\/strong><strong>DUO JADE<\/strong><\/h1>\n<div>\n<p>Dans le cadre des accords de collaboration cubano-suisses avec l\u2019Instituto cubano de <a href=\"https:\/\/www.perfiles.cult.cu\/bloque.php?padre=2&amp;bloque=3\">Investigaci\u00f3n cultural Juan Marinello<\/a> et le <a href=\"https:\/\/www.centropablo.cult.cu\/\">Centro Cultural Pablo de la Torriente Brau<\/a> r\u00e9alis\u00e9s par la Prof. Silvia Mancini, une conf\u00e9rence musicale aura lieu le <strong>jeudi 27 novembre 2014 \u00e0 17h15<\/strong> \u00e0 l&rsquo;Universit\u00e9 de Lausanne \u00e0 l&rsquo;<strong>auditoire 2064<\/strong> de l&rsquo;Anthropole.<\/p>\n<p>Cette conf\u00e9rence abordera l\u2019essor du style musical cubain la <em>Nueva Trova<\/em>. Le musicologue cubain <strong>Joaqu\u00edn Borges Triana<\/strong> \u00e9voquera le contexte historique et social qui a vu l\u2019\u00e9mergence du genre, ses premiers repr\u00e9sentants, l\u2019appui institutionnel re\u00e7u par la Casa de las Am\u00e9ricas et l\u2019Institut cubain d\u2019Art et industrie cin\u00e9matographique (ICAIC) ainsi que les g\u00e9n\u00e9rations et les tendances successives. L\u2019expos\u00e9 sera illustr\u00e9 par des interventions musicales du <strong>Duo Jade<\/strong> et suivi par un <strong>concert \u00e0 Z\u00e9lig \u00e0 20h30<\/strong>.<\/p>\n<p><a href=\"https:\/\/www.ville-ge.ch\/meg\/totem\/totem66.pdf\">Article dans la revue du MEG <em>Totem<\/em><\/a><\/p>\n<p><strong>Pour toute les informations voir:<\/strong><br \/>\n<a href=\"https:\/\/www.unil.ch\/ircm\/fr\/home\/menuguid\/evenements--actualites\/hors-les-murs\/2014\/musique-et-revolution.html\">https:\/\/www.unil.ch\/ircm\/fr\/home\/menuguid\/evenements&#8211;actualites\/hors-les-murs\/2014\/musique-et-revolution.html<\/a><\/p>\n<p>&nbsp;<\/p>\n<\/div>\n","protected":false},"excerpt":{"rendered":"<p>Cycle de conf\u00e9rences-concerts donn\u00e9s par le Dr Joaqu\u00edn Borges Triana et le Duo Jade &nbsp; ZELIG \u00e0 20h30 pour CUBA: MUSIQUE ET REVOLUTION Concert de DUO JADE Dans le cadre &hellip; <\/p>\n","protected":false},"author":7,"featured_media":1879,"comment_status":"closed","ping_status":"closed","sticky":false,"template":"","format":"standard","meta":{"_seopress_robots_primary_cat":"","_seopress_titles_title":"","_seopress_titles_desc":"","_seopress_robots_index":"","footnotes":""},"categories":[5,45,56],"tags":[],"class_list":{"0":"post-1871","1":"post","2":"type-post","3":"status-publish","4":"format-standard","5":"has-post-thumbnail","7":"category-conference-debat","8":"category-culture","9":"category-revolution-mouvements-sociaux"},"_links":{"self":[{"href":"https:\/\/www.asso-unil.ch\/grc\/wp-json\/wp\/v2\/posts\/1871","targetHints":{"allow":["GET"]}}],"collection":[{"href":"https:\/\/www.asso-unil.ch\/grc\/wp-json\/wp\/v2\/posts"}],"about":[{"href":"https:\/\/www.asso-unil.ch\/grc\/wp-json\/wp\/v2\/types\/post"}],"author":[{"embeddable":true,"href":"https:\/\/www.asso-unil.ch\/grc\/wp-json\/wp\/v2\/users\/7"}],"replies":[{"embeddable":true,"href":"https:\/\/www.asso-unil.ch\/grc\/wp-json\/wp\/v2\/comments?post=1871"}],"version-history":[{"count":0,"href":"https:\/\/www.asso-unil.ch\/grc\/wp-json\/wp\/v2\/posts\/1871\/revisions"}],"wp:featuredmedia":[{"embeddable":true,"href":"https:\/\/www.asso-unil.ch\/grc\/wp-json\/wp\/v2\/media\/1879"}],"wp:attachment":[{"href":"https:\/\/www.asso-unil.ch\/grc\/wp-json\/wp\/v2\/media?parent=1871"}],"wp:term":[{"taxonomy":"category","embeddable":true,"href":"https:\/\/www.asso-unil.ch\/grc\/wp-json\/wp\/v2\/categories?post=1871"},{"taxonomy":"post_tag","embeddable":true,"href":"https:\/\/www.asso-unil.ch\/grc\/wp-json\/wp\/v2\/tags?post=1871"}],"curies":[{"name":"wp","href":"https:\/\/api.w.org\/{rel}","templated":true}]}}