{"id":1866,"date":"2014-11-23T19:08:06","date_gmt":"2014-11-23T18:08:06","guid":{"rendered":"http:\/\/www.asso-unil.ch\/grc\/?p=1866"},"modified":"2014-11-24T13:44:19","modified_gmt":"2014-11-24T12:44:19","slug":"bakounine-et-lhistoire-de-lanarchisme","status":"publish","type":"post","link":"https:\/\/www.asso-unil.ch\/grc\/2014\/11\/bakounine-et-lhistoire-de-lanarchisme\/","title":{"rendered":"Bakounine et l&rsquo;histoire de l&rsquo;anarchisme"},"content":{"rendered":"<p><strong>Jeudi 27 novembre, 17h15<a href=\"https:\/\/www.asso-unil.ch\/grc\/files\/2012\/03\/images-1.jpeg\"><img loading=\"lazy\" decoding=\"async\" class=\"alignright size-full wp-image-1853\" src=\"https:\/\/www.asso-unil.ch\/grc\/files\/2012\/03\/images-1.jpeg\" alt=\"images-1\" width=\"105\" height=\"143\" \/><\/a><\/strong><br \/>\n<strong>G\u00e9opolis, salle 2227<\/strong><\/p>\n<p>Avec<strong>\u00a0Jean-Christophe Angaut<\/strong>,<br \/>\nMa\u00eetre de conf\u00e9rences en philosophie \u00e0 l\u2019\u00c9cole\u00a0Normale Sup\u00e9rieure Lettres et Sciences Humaines de Lyon.<\/p>\n<div class=\"msg_body\">\n<div id=\"msg_foobar\" class=\"sw_message reply_colors\">\n<div>\n<p style=\"text-align: justify\">Dans le cadre du bicentenaire du r\u00e9volutionnaire et th\u00e9oricien anarchiste Michel Bakounine, le GRC vous invite \u00e0 venir d\u00e9couvrir la pens\u00e9e anarchiste.<\/p>\n<p>Comme tant de personnages int\u00e9ressants, mais aussi comme l&rsquo;anarchisme, dont il est consid\u00e9r\u00e9 \u00e0 raison comme l&rsquo;un des fondateurs modernes, Michel Bakounine (1814-1876)\u00a0<span id=\"\">\u00e0<\/span>\u00a0mauvaise r\u00e9putation : ap\u00f4tre de la violence, faible th\u00e9oricien, radicalement ext\u00e9rieur au champ intellectuel europ\u00e9en, on ne compte plus les griefs qui lui sont adress\u00e9s.\u00a0<strong>Jean-Christophe Angaut<\/strong>, ma\u00eetre de conf\u00e9rences en philosophie \u00e0 l\u2019\u00c9cole\u00a0Normale Sup\u00e9rieure Lettres et Sciences Humaines de Lyon, viendra discuter avec le GRC\u00a0\u00a0de la place de Bakounine dans l&rsquo;histoire de l&rsquo;anarchisme.<\/p>\n<p style=\"text-align: justify\">Si vous souhaitez approfondir vos connaissances de l&rsquo;anarchisme et Bakounine, ou simplement savoir qu&rsquo;est-ce que\u00a0<span id=\"\">cette philosophie souvent incomprise et d\u00e9nigr\u00e9e<\/span>\u00a0par les m\u00e9dias,\u00a0<span id=\"\">rejoignez-nous!!!<\/span><\/p>\n<p>Pour aller plus loin:<\/p>\n<p><strong><span style=\"color: #000000\">Le blog sur Bakounine de Jean-Christophe Angaut:\u00a0<\/span><\/strong><a href=\"https:\/\/atelierdecreationlibertaire.com\/blogs\/bakounine\/\" target=\"_blank\">https:\/\/atelierdecreationlibertaire.com\/blogs\/bakounine\/<\/a><\/p>\n<\/div>\n<\/div>\n<\/div>\n<p><span class=\"Apple-style-span\">\u00a0<\/span><\/p>\n<p>&nbsp;<\/p>\n<div><\/div>\n<p>&nbsp;<\/p>\n","protected":false},"excerpt":{"rendered":"<p>Jeudi 27 novembre, 17h15 G\u00e9opolis, salle 2227 Avec\u00a0Jean-Christophe Angaut, Ma\u00eetre de conf\u00e9rences en philosophie \u00e0 l\u2019\u00c9cole\u00a0Normale Sup\u00e9rieure Lettres et Sciences Humaines de Lyon. Dans le cadre du bicentenaire du r\u00e9volutionnaire &hellip; <\/p>\n","protected":false},"author":7,"featured_media":1877,"comment_status":"closed","ping_status":"closed","sticky":false,"template":"","format":"standard","meta":{"_seopress_robots_primary_cat":"","_seopress_titles_title":"","_seopress_titles_desc":"","_seopress_robots_index":"","footnotes":""},"categories":[5,14],"tags":[65,66],"class_list":{"0":"post-1866","1":"post","2":"type-post","3":"status-publish","4":"format-standard","5":"has-post-thumbnail","7":"category-conference-debat","8":"category-politique-societe-culture","9":"tag-anarchisme","10":"tag-bakounine"},"_links":{"self":[{"href":"https:\/\/www.asso-unil.ch\/grc\/wp-json\/wp\/v2\/posts\/1866","targetHints":{"allow":["GET"]}}],"collection":[{"href":"https:\/\/www.asso-unil.ch\/grc\/wp-json\/wp\/v2\/posts"}],"about":[{"href":"https:\/\/www.asso-unil.ch\/grc\/wp-json\/wp\/v2\/types\/post"}],"author":[{"embeddable":true,"href":"https:\/\/www.asso-unil.ch\/grc\/wp-json\/wp\/v2\/users\/7"}],"replies":[{"embeddable":true,"href":"https:\/\/www.asso-unil.ch\/grc\/wp-json\/wp\/v2\/comments?post=1866"}],"version-history":[{"count":0,"href":"https:\/\/www.asso-unil.ch\/grc\/wp-json\/wp\/v2\/posts\/1866\/revisions"}],"wp:featuredmedia":[{"embeddable":true,"href":"https:\/\/www.asso-unil.ch\/grc\/wp-json\/wp\/v2\/media\/1877"}],"wp:attachment":[{"href":"https:\/\/www.asso-unil.ch\/grc\/wp-json\/wp\/v2\/media?parent=1866"}],"wp:term":[{"taxonomy":"category","embeddable":true,"href":"https:\/\/www.asso-unil.ch\/grc\/wp-json\/wp\/v2\/categories?post=1866"},{"taxonomy":"post_tag","embeddable":true,"href":"https:\/\/www.asso-unil.ch\/grc\/wp-json\/wp\/v2\/tags?post=1866"}],"curies":[{"name":"wp","href":"https:\/\/api.w.org\/{rel}","templated":true}]}}