{"id":1552,"date":"2014-03-03T10:50:29","date_gmt":"2014-03-03T09:50:29","guid":{"rendered":"http:\/\/www.asso-unil.ch\/grc\/?p=1552"},"modified":"2014-03-04T07:05:53","modified_gmt":"2014-03-04T06:05:53","slug":"un-oui-a-ludc-le-9-fevrier-contre-l-immigration-demasse-mais-pour-quelles-consequences","status":"publish","type":"post","link":"https:\/\/www.asso-unil.ch\/grc\/2014\/03\/un-oui-a-ludc-le-9-fevrier-contre-l-immigration-demasse-mais-pour-quelles-consequences\/","title":{"rendered":"Un Oui \u00e0 l\u2019UDC le 9 f\u00e9vrier contre l\u2019 \u00ab immigration demasse \u00bb MAIS pour quelles cons\u00e9quences ?!"},"content":{"rendered":"<p style=\"text-align: justify\"><a href=\"https:\/\/www.asso-unil.ch\/grc\/files\/2012\/03\/9-fevrier-votation-immigration-jeunes-erasmus-horizon-et_007.jpg\"><img loading=\"lazy\" decoding=\"async\" class=\"alignright  wp-image-1547\" alt=\"9-fevrier-votation-immigration-jeunes-erasmus-horizon-et_007\" src=\"https:\/\/www.asso-unil.ch\/grc\/files\/2012\/03\/9-fevrier-votation-immigration-jeunes-erasmus-horizon-et_007.jpg\" width=\"289\" height=\"193\" srcset=\"https:\/\/www.asso-unil.ch\/grc\/files\/2012\/03\/9-fevrier-votation-immigration-jeunes-erasmus-horizon-et_007.jpg 803w, https:\/\/www.asso-unil.ch\/grc\/files\/2012\/03\/9-fevrier-votation-immigration-jeunes-erasmus-horizon-et_007-300x199.jpg 300w\" sizes=\"auto, (max-width: 289px) 100vw, 289px\" \/><\/a><strong>Conf\u00e9rence-d\u00e9bat<\/strong><br \/>\nAvec <strong><em>Claude Calame<\/em><\/strong>, directeur d\u2019\u00e9tudes \u00e9m\u00e9rite,\u00a0\u00c9coles des hautes \u00e9tudes en\u00a0sciences sociales (EHESS), Paris et anciennement professeur de langue et litt\u00e9rature grecques \u00e0 la Facult\u00e9 des Lettres de l\u2019Universit\u00e9 de Lausanne.<\/p>\n<p><strong><strong>Mardi 11 mars, 17h1<\/strong>5<br \/>\n<strong>G\u00e9opolis, 2227 (et non pas 2137 comme mentionn\u00e9 sur les affiches)<\/strong><\/strong><\/p>\n<p style=\"text-align: justify\">L\u2019acceptation de l\u2019initiative \u00ab?Contre l\u2019immigration de masse?\u00bb par 50,3?% du corps \u00e9lectoral repr\u00e9sente un succ\u00e8s important pour l\u2019UDC et la politique migratoire qu\u2019elle pr\u00e9conise, fond\u00e9e sur la pr\u00e9f\u00e9rence patronale, la limitation des droits des mi\u00adgrant\u00b7e\u00b7s, le racisme d\u2019Etat, entendu comme <em>\u00ab<\/em>?<em>d\u00e9fense de l\u2019identit\u00e9 nationale contre une alt\u00e9ration excessive<\/em>?<em>\u00bb<\/em>, ainsi que l\u2019autonomie de d\u00e9cision des autorit\u00e9s suisses et la ren\u00e9gociation des trait\u00e9s internationaux.<\/p>\n<p style=\"text-align: justify\">Quelles vont \u00eatre les cons\u00e9quences du vote du 9 f\u00e9vrier, notamment pour le programme Erasmus et pour la recherche \u00e0 l&rsquo;Universit\u00e9 ? Alors que SUD \u00e9tudiants, pr\u00e9caires s&rsquo;appr\u00eate \u00e0 lancer une mobilisation sur la question, le GRC invite Claude Calame afin de discuter des enjeux de ce vote, de la politique migratoire helv\u00e9tique et du r\u00f4le qu&rsquo;y joue l&rsquo;UDC.<\/p>\n<p style=\"text-align: justify\"><strong>Article de Claude Calame paru sur le blog de Mediapart:<\/strong><br \/>\n<a href=\"https:\/\/www.asso-unil.ch\/grc\/files\/2014\/03\/La-Suisse-l\u2019Europe-et-l\u2019\u00abimmigration-de-masse\u00bb.pdf\">La Suisse, l\u2019Europe et l\u2019\u00abimmigration de masse\u00bb<\/a><\/p>\n<p>&nbsp;<\/p>\n","protected":false},"excerpt":{"rendered":"<p>Conf\u00e9rence-d\u00e9bat Avec Claude Calame, directeur d\u2019\u00e9tudes \u00e9m\u00e9rite,\u00a0\u00c9coles des hautes \u00e9tudes en\u00a0sciences sociales (EHESS), Paris et anciennement professeur de langue et litt\u00e9rature grecques \u00e0 la Facult\u00e9 des Lettres de l\u2019Universit\u00e9 de &hellip; <\/p>\n","protected":false},"author":7,"featured_media":0,"comment_status":"closed","ping_status":"closed","sticky":false,"template":"","format":"standard","meta":{"_seopress_robots_primary_cat":"","_seopress_titles_title":"","_seopress_titles_desc":"","_seopress_robots_index":"","footnotes":""},"categories":[1],"tags":[],"class_list":{"0":"post-1552","1":"post","2":"type-post","3":"status-publish","4":"format-standard","6":"category-uncategorized"},"_links":{"self":[{"href":"https:\/\/www.asso-unil.ch\/grc\/wp-json\/wp\/v2\/posts\/1552","targetHints":{"allow":["GET"]}}],"collection":[{"href":"https:\/\/www.asso-unil.ch\/grc\/wp-json\/wp\/v2\/posts"}],"about":[{"href":"https:\/\/www.asso-unil.ch\/grc\/wp-json\/wp\/v2\/types\/post"}],"author":[{"embeddable":true,"href":"https:\/\/www.asso-unil.ch\/grc\/wp-json\/wp\/v2\/users\/7"}],"replies":[{"embeddable":true,"href":"https:\/\/www.asso-unil.ch\/grc\/wp-json\/wp\/v2\/comments?post=1552"}],"version-history":[{"count":0,"href":"https:\/\/www.asso-unil.ch\/grc\/wp-json\/wp\/v2\/posts\/1552\/revisions"}],"wp:attachment":[{"href":"https:\/\/www.asso-unil.ch\/grc\/wp-json\/wp\/v2\/media?parent=1552"}],"wp:term":[{"taxonomy":"category","embeddable":true,"href":"https:\/\/www.asso-unil.ch\/grc\/wp-json\/wp\/v2\/categories?post=1552"},{"taxonomy":"post_tag","embeddable":true,"href":"https:\/\/www.asso-unil.ch\/grc\/wp-json\/wp\/v2\/tags?post=1552"}],"curies":[{"name":"wp","href":"https:\/\/api.w.org\/{rel}","templated":true}]}}