{"id":1534,"date":"2014-02-18T10:48:56","date_gmt":"2014-02-18T09:48:56","guid":{"rendered":"http:\/\/www.asso-unil.ch\/grc\/?p=1534"},"modified":"2014-02-18T10:56:08","modified_gmt":"2014-02-18T09:56:08","slug":"la-coupe-est-pleine-les-desastres-economiques-et-sociaux-des-grands-evenements-sportifs","status":"publish","type":"post","link":"https:\/\/www.asso-unil.ch\/grc\/2014\/02\/la-coupe-est-pleine-les-desastres-economiques-et-sociaux-des-grands-evenements-sportifs\/","title":{"rendered":"La coupe est pleine ! Les d\u00e9sastres \u00e9conomiques et sociaux des grands \u00e9v\u00e9nements sportifs"},"content":{"rendered":"<h2><strong><a href=\"https:\/\/www.asso-unil.ch\/grc\/files\/2012\/03\/JO2.jpg\"><img loading=\"lazy\" decoding=\"async\" class=\"alignright\" alt=\"JO2\" src=\"https:\/\/www.asso-unil.ch\/grc\/files\/2012\/03\/JO2.jpg\" width=\"297\" height=\"170\" \/><\/a><\/strong><strong>Conf\u00e9rence-d\u00e9bat<\/strong><\/h2>\n<p>Avec <strong><em>Julie Duchatel<\/em><\/strong>, repr\u00e9sentante du CETIM et\u00a0<strong><em><\/em><\/strong><em><strong>Alexandre Mari\u00e9thoz<\/strong>, porte-parole romand de <em>Solidar<\/em> Suisse.<br \/>\n<\/em><\/p>\n<p><strong><strong>Jeudi 27 f\u00e9vrier, 17h1<\/strong>5<br \/>\n<strong>G\u00e9opolis, 2137<\/strong><\/strong><\/p>\n<p style=\"text-align: justify\">Les jeux olympiques de Sotchi et le Mundial, qui se tiendra au Br\u00e9sil en juin-juillet prochain, sont l\u2019occasion de nous pencher sur les cons\u00e9quences \u00e9conomiques et sociales de ces gigantesques \u00e9v\u00e8nements sportifs. Le GRC fait donc appel au Centre Europe-Tiers Monde qui vient de publier un ouvrage collectif sur le sujet, <i><a href=\"https:\/\/www.cetim.ch\/fr\/publications_ouvrages\/181\/la-coupe-est-pleine-les-desastres-economiques-et-sociaux-des-grands-evenements-sportifs\">La coupe est pleine ! Les d\u00e9sastres \u00e9conomiques et sociaux des grands \u00e9v\u00e9nements sportifs<\/a>, <\/i>ainsi\u00a0 qu\u2019\u00e0 l\u2019 <a href=\"https:\/\/www.solidar.ch\/75-ans-de-solidarit.html\">Oeuvre suisse d\u2019entraide ouvri\u00e8re <\/a>qui lutte contre les in\u00e9galit\u00e9s Nord\/Sud pour discuter des d\u00e9sastres engendr\u00e9s par ces \u00e9v\u00e8nements.<\/p>\n<p style=\"text-align: justify\">Destructions de quartiers, expulsions, expropriations, op\u00e9rations fonci\u00e8res, rythme et cadences infernales impos\u00e9es aux travailleurs du b\u00e2timent, juridiction d&rsquo;exception, d\u00e9limitation de zones d&rsquo;exclusion commerciales, explosion des d\u00e9penses et des dettes, corruption\u2026 tout cela au nom du sport et de la comp\u00e9tition ? Cela suffit !<\/p>\n<p>Pourquoi si peu de le\u00e7ons sont tir\u00e9es de l&rsquo;organisation de ces grands \u00e9v\u00e9nements sportifs ? Qui en sont les v\u00e9ritables profiteurs ? Pourquoi est-ce n\u00e9cessaire de les analyser \u00e0 travers une grille de lecture critique de la mondialisation n\u00e9olib\u00e9rale ?<\/p>\n<p><strong>A lire:<\/strong><br \/>\n<a href=\"https:\/\/www.asso-unil.ch\/grc\/files\/2014\/02\/la_coupe_est_pleine-introduction_et_table_des_matieres.pdf\">Introduction et Table de mati\u00e8res de La Coupe est pleine <\/a>!<\/p>\n","protected":false},"excerpt":{"rendered":"<p>Conf\u00e9rence-d\u00e9bat Avec Julie Duchatel, repr\u00e9sentante du CETIM et\u00a0Alexandre Mari\u00e9thoz, porte-parole romand de Solidar Suisse. Jeudi 27 f\u00e9vrier, 17h15 G\u00e9opolis, 2137 Les jeux olympiques de Sotchi et le Mundial, qui se &hellip; <\/p>\n","protected":false},"author":7,"featured_media":0,"comment_status":"closed","ping_status":"closed","sticky":false,"template":"","format":"standard","meta":{"_seopress_robots_primary_cat":"","_seopress_titles_title":"","_seopress_titles_desc":"","_seopress_robots_index":"","footnotes":""},"categories":[1],"tags":[],"class_list":{"0":"post-1534","1":"post","2":"type-post","3":"status-publish","4":"format-standard","6":"category-uncategorized"},"_links":{"self":[{"href":"https:\/\/www.asso-unil.ch\/grc\/wp-json\/wp\/v2\/posts\/1534","targetHints":{"allow":["GET"]}}],"collection":[{"href":"https:\/\/www.asso-unil.ch\/grc\/wp-json\/wp\/v2\/posts"}],"about":[{"href":"https:\/\/www.asso-unil.ch\/grc\/wp-json\/wp\/v2\/types\/post"}],"author":[{"embeddable":true,"href":"https:\/\/www.asso-unil.ch\/grc\/wp-json\/wp\/v2\/users\/7"}],"replies":[{"embeddable":true,"href":"https:\/\/www.asso-unil.ch\/grc\/wp-json\/wp\/v2\/comments?post=1534"}],"version-history":[{"count":0,"href":"https:\/\/www.asso-unil.ch\/grc\/wp-json\/wp\/v2\/posts\/1534\/revisions"}],"wp:attachment":[{"href":"https:\/\/www.asso-unil.ch\/grc\/wp-json\/wp\/v2\/media?parent=1534"}],"wp:term":[{"taxonomy":"category","embeddable":true,"href":"https:\/\/www.asso-unil.ch\/grc\/wp-json\/wp\/v2\/categories?post=1534"},{"taxonomy":"post_tag","embeddable":true,"href":"https:\/\/www.asso-unil.ch\/grc\/wp-json\/wp\/v2\/tags?post=1534"}],"curies":[{"name":"wp","href":"https:\/\/api.w.org\/{rel}","templated":true}]}}