{"id":1500,"date":"2013-12-06T17:29:49","date_gmt":"2013-12-06T16:29:49","guid":{"rendered":"http:\/\/www.asso-unil.ch\/grc\/?p=1500"},"modified":"2013-12-15T15:02:43","modified_gmt":"2013-12-15T14:02:43","slug":"les-droits-des-personnes-rom-en-situation-precaire","status":"publish","type":"post","link":"https:\/\/www.asso-unil.ch\/grc\/2013\/12\/les-droits-des-personnes-rom-en-situation-precaire\/","title":{"rendered":"Les droits des personnes \u00ab\u00a0rom\u00a0\u00bb en situation pr\u00e9caire"},"content":{"rendered":"<p><strong>Pr\u00e9sentation, puis discussion avec<\/strong><br \/>\n<b><i><span style=\"color: #008080\">Djemila Carron<a href=\"https:\/\/www.asso-unil.ch\/grc\/files\/2013\/12\/tsiganes6.jpg\"><img loading=\"lazy\" decoding=\"async\" class=\"alignright  wp-image-1501\" alt=\"tsiganes6\" src=\"https:\/\/www.asso-unil.ch\/grc\/files\/2013\/12\/tsiganes6.jpg\" width=\"229\" height=\"153\" srcset=\"https:\/\/www.asso-unil.ch\/grc\/files\/2013\/12\/tsiganes6.jpg 800w, https:\/\/www.asso-unil.ch\/grc\/files\/2013\/12\/tsiganes6-300x199.jpg 300w\" sizes=\"auto, (max-width: 229px) 100vw, 229px\" \/><\/a><\/span><\/i><\/b><br \/>\nCofondatrice de la Law Clinic \u00e0 l\u2019universit\u00e9 de Gen\u00e8ve, doctorante et assistante en droit international public.<\/p>\n<p><strong>Jeudi 12 d\u00e9cembre, 17h15<\/strong><br \/>\n<strong> Geopolis, 2137<\/strong><\/p>\n<p>Les conditions d\u2019existence de la population \u00ab\u00a0rom\u00a0\u00bb en Suisse restent largement m\u00e9connues, malgr\u00e9 le fait qu\u2019elles soient au centre de nombreux d\u00e9bats et interventions politiques. La Law Clinic de la facult\u00e9 de droit de l\u2019universit\u00e9 de Gen\u00e8ve publie cette ann\u00e9e une brochure d\u2019information destin\u00e9es aux personnes \u00ab\u00a0rom\u00a0\u00bb en situation de pr\u00e9carit\u00e9, afin de les informer directement et concr\u00e8tement sur leurs droits et la meilleure fa\u00e7on d\u2019en faire usage. En nous basant sur cette brochure, produit de la collaboration d\u2019une classe de master avec les diff\u00e9rents acteurs institutionnels et associatifs, il s\u2019agira pour nous de nous informer sur la situation complexe de ces personnes, \u00e0 la lumi\u00e8re du droit, et de s\u2019en inspirer pour comprendre le cas vaudois.<\/p>\n<p><strong>Informations sur la Law Clinic<\/strong><br \/>\n<span style=\"color: #008080\"><a href=\"https:\/\/www.facebook.com\/pages\/Law-Clinic-sur-les-droits-des-personnes-vuln%C3%A9rables-Universit%C3%A9-de-Gen%C3%A8ve\/117860045056402\"><span style=\"color: #008080\">Page Facebook: Law Clinic sur le droit des personnes vuln\u00e9rables<\/span><\/a><a href=\"https:\/\/www.unige.ch\/droit\/e-cours\/index.php?cours=5175\"><span style=\"color: #008080\">Information sur le cour donn\u00e9 \u00e0 Gen\u00e8ve et brochure \u00ab\u00a0Les droits des personnes \u00ab\u00a0rom\u00a0\u00bb en situation pr\u00e9caire \u00e0 Gen\u00e8ve. <\/span><\/a><\/span><\/p>\n<p><strong>Site d&rsquo;information sur les personnes roms<\/strong><br \/>\n<span style=\"color: #008080\"><a href=\"https:\/\/rroms.blogspot.ch\/\"><span style=\"color: #008080\">La voix des rroms<\/span><\/a><\/span><br \/>\n<span style=\"color: #008080\"><a href=\"https:\/\/www.mesemrom.org\/\"><span style=\"color: #008080\">Assoc&rsquo; genevoise Mesemrom <\/span><\/a><\/span><br \/>\n<span style=\"color: #008080\"><a href=\"https:\/\/www.oprerrom.org\/\"><span style=\"color: #008080\">Assoc&rsquo; lausannoise Oprerrom <\/span><\/a><\/span><\/p>\n<p><strong>Commission f\u00e9d\u00e9rale contre le racisme<br \/>\n<\/strong><span style=\"color: #008080\"><a href=\"https:\/\/www.asso-unil.ch\/grc\/files\/2013\/12\/Tangram30.pdf\"><span style=\"color: #008080\">Rapport sur la mendicit\u00e9 \u00ab rrom \u00bb avec ou sans enfant(s)<\/span><\/a><\/span>, Tangram 30, d\u00e9cembre 2012<\/p>\n<p><strong>Ecole d&rsquo;\u00e9tudes sociales et p\u00e9dagogiques<\/strong><br \/>\n<span style=\"color: #008080\"><a href=\"https:\/\/www.asso-unil.ch\/grc\/files\/2013\/12\/Mendicite?-Rrom-Rapport-final-2012-EESP-U-IL.pdf\"><span style=\"color: #008080\">Rapport sur la mendicit\u00e9 \u00ab rrom \u00bb avec ou sans enfant(s), Rapport final, mai 2012<\/span><\/a><\/span><\/p>\n<p>&nbsp;<\/p>\n<p>&nbsp;<\/p>\n","protected":false},"excerpt":{"rendered":"<p>Pr\u00e9sentation, puis discussion avec Djemila Carron Cofondatrice de la Law Clinic \u00e0 l\u2019universit\u00e9 de Gen\u00e8ve, doctorante et assistante en droit international public. Jeudi 12 d\u00e9cembre, 17h15 Geopolis, 2137 Les conditions &hellip; <\/p>\n","protected":false},"author":12,"featured_media":0,"comment_status":"closed","ping_status":"closed","sticky":false,"template":"","format":"standard","meta":{"_seopress_robots_primary_cat":"","_seopress_titles_title":"","_seopress_titles_desc":"","_seopress_robots_index":"","footnotes":""},"categories":[1],"tags":[],"class_list":{"0":"post-1500","1":"post","2":"type-post","3":"status-publish","4":"format-standard","6":"category-uncategorized"},"_links":{"self":[{"href":"https:\/\/www.asso-unil.ch\/grc\/wp-json\/wp\/v2\/posts\/1500","targetHints":{"allow":["GET"]}}],"collection":[{"href":"https:\/\/www.asso-unil.ch\/grc\/wp-json\/wp\/v2\/posts"}],"about":[{"href":"https:\/\/www.asso-unil.ch\/grc\/wp-json\/wp\/v2\/types\/post"}],"author":[{"embeddable":true,"href":"https:\/\/www.asso-unil.ch\/grc\/wp-json\/wp\/v2\/users\/12"}],"replies":[{"embeddable":true,"href":"https:\/\/www.asso-unil.ch\/grc\/wp-json\/wp\/v2\/comments?post=1500"}],"version-history":[{"count":0,"href":"https:\/\/www.asso-unil.ch\/grc\/wp-json\/wp\/v2\/posts\/1500\/revisions"}],"wp:attachment":[{"href":"https:\/\/www.asso-unil.ch\/grc\/wp-json\/wp\/v2\/media?parent=1500"}],"wp:term":[{"taxonomy":"category","embeddable":true,"href":"https:\/\/www.asso-unil.ch\/grc\/wp-json\/wp\/v2\/categories?post=1500"},{"taxonomy":"post_tag","embeddable":true,"href":"https:\/\/www.asso-unil.ch\/grc\/wp-json\/wp\/v2\/tags?post=1500"}],"curies":[{"name":"wp","href":"https:\/\/api.w.org\/{rel}","templated":true}]}}