{"id":1478,"date":"2013-11-25T19:14:32","date_gmt":"2013-11-25T18:14:32","guid":{"rendered":"http:\/\/www.asso-unil.ch\/grc\/?p=1478"},"modified":"2013-11-26T12:06:12","modified_gmt":"2013-11-26T11:06:12","slug":"premier-bilan-des-revolutions-qui-ebranlent-la-region-arabe","status":"publish","type":"post","link":"https:\/\/www.asso-unil.ch\/grc\/2013\/11\/premier-bilan-des-revolutions-qui-ebranlent-la-region-arabe\/","title":{"rendered":"Premier bilan des r\u00e9volutions qui \u00e9branlent la r\u00e9gion arabe"},"content":{"rendered":"<p>Conf\u00e9rence-d\u00e9bat organis\u00e9e par le\u00a0 Groupe de recherche interfacultaire sur les mouvements d\u2019\u00e9mancipation (<span style=\"color: #008080\"><a href=\"https:\/\/www3.unil.ch\/wpmu\/ple\/grime\/\"><span style=\"color: #008080\">GRIME<\/span><\/a><\/span>).<a href=\"https:\/\/www.asso-unil.ch\/grc\/files\/2012\/03\/Re?v-arabe.jpg\"><img loading=\"lazy\" decoding=\"async\" class=\"alignright size-full wp-image-1486\" alt=\"Re?v-arabe\" src=\"https:\/\/www.asso-unil.ch\/grc\/files\/2012\/03\/Re?v-arabe.jpg\" width=\"184\" height=\"168\" \/><\/a><br \/>\navec <strong><span style=\"color: #000080\"><em><span style=\"color: #008080\">Gilbert<\/span> <span style=\"color: #008080\">ACHCAR<\/span><\/em><\/span><br \/>\n<\/strong>Professeur de sciences politiques, School of Oriental and African Studies (SOAS), Londres.<strong><br \/>\n<\/strong><br \/>\n<strong>Jeudi 5 d\u00e9cembre, 17h15<\/strong><br \/>\n<strong>G\u00e9opolis, salle n\u00b0 2227<\/strong><\/p>\n<p style=\"text-align: justify\">Dans son dernier livre \u2013 Le Peuple veut. Une exploration radicale du soul\u00e8vement arabe, Arles, Actes Sud, 2013 \u2013 Gilbert Achcar se distancie des interpr\u00e9tations simplistes des soul\u00e8vements qui ont \u00e9branl\u00e9 le monde arabe depuis d\u00e9cembre 2010 (culturelles, g\u00e9n\u00e9rationnelles, confessionnelles ou vulgairement polici\u00e8res). Il analyse d\u2019abord les modalit\u00e9s particuli\u00e8res du d\u00e9veloppement du capitalisme dans cette r\u00e9gion du monde. Celles-ci ont produit un blocage de la croissance dont les cons\u00e9quences sociales dramatiques (pauvret\u00e9, in\u00e9galit\u00e9, pr\u00e9carit\u00e9, ch\u00f4mage surtout) se sont aggrav\u00e9es durant les derni\u00e8res d\u00e9cennies sous l\u2019effet du despotisme politique ambiant et du n\u00e9potisme qu\u2019il entretient comme mode de gouvernement.<br \/>\nCaract\u00e9risant ces soul\u00e8vements comme point de d\u00e9part d\u2019un processus r\u00e9volutionnaire au long cours, et non comme une \u00e9ruption aboutie (un \u00abprintemps arabe\u00bb, selon une appellation s\u00e9duisante mais trompeuse), l\u2019auteur livre une analyse concr\u00e8te des forces sociales en pr\u00e9sence et dresse un bilan d\u2019\u00e9tape, pays par pays, de la Tunisie \u00e0 la Syrie en passant par l\u2019\u00c9gypte, le Y\u00e9men, le Bahre\u00efn et la Libye. Il \u00e9claire ce faisant le r\u00f4le ambigu des mouvements se r\u00e9clamant de l\u2019islam, notamment les Fr\u00e8res musulmans, et de leurs soutiens anciens et actuels \u00e0 l\u2019\u00e9chelle r\u00e9gionale (le Royaume saoudien et l\u2019\u00e9mirat du Qatar), fid\u00e8les alli\u00e9s des \u00c9tats-Unis. L\u2019attitude de Washington face \u00e0 la crise r\u00e9gionale est d\u00e9cortiqu\u00e9e. Achcar montre \u00e9galement les limites du \u00abtsunami islamique\u00bb que d\u2019aucuns ont pris comme pr\u00e9texte pour d\u00e9nigrer les soul\u00e8vements dans leur ensemble.<\/p>\n<p style=\"text-align: justify\"><strong>Textes de Gilbert Achcar<\/strong><br \/>\n<span style=\"color: #008080\"><a href=\"https:\/\/www.asso-unil.ch\/grc\/files\/2013\/11\/Le-\u00ab-capitalisme-extre?me-\u00bb-des-Fre?res-musulmans-par-Gilbert-Achcar-Le-Monde-diplomatique.pdf\"><span style=\"color: #008080\">Le \u00ab capitalisme extre?me \u00bb des Fre?res musulmans, par Gilbert Achcar (Le Monde diplomatique, f\u00e9vrier 2013)<\/span><\/a><\/span><br \/>\n<span style=\"color: #008080\"><a href=\"https:\/\/www.asso-unil.ch\/grc\/files\/2013\/11\/Pages-de-Le_Peuple_veut.-105-115.pdf\"><span style=\"color: #008080\">Extrait: Le peuple Veut. Une exploration radicale du soul\u00e8vement arabe, Paris, Sindbad-Actes Sud, coll. \u00ab\u00a0L&rsquo;actuel\u00a0\u00bb, 2013, pp. 104-116.<\/span><\/a><\/span><\/p>\n","protected":false},"excerpt":{"rendered":"<p>Conf\u00e9rence-d\u00e9bat organis\u00e9e par le\u00a0 Groupe de recherche interfacultaire sur les mouvements d\u2019\u00e9mancipation (GRIME). avec Gilbert ACHCAR Professeur de sciences politiques, School of Oriental and African Studies (SOAS), Londres. Jeudi 5 &hellip; <\/p>\n","protected":false},"author":7,"featured_media":0,"comment_status":"closed","ping_status":"closed","sticky":false,"template":"","format":"standard","meta":{"_seopress_robots_primary_cat":"","_seopress_titles_title":"","_seopress_titles_desc":"","_seopress_robots_index":"","footnotes":""},"categories":[5,10,56,7],"tags":[],"class_list":{"0":"post-1478","1":"post","2":"type-post","3":"status-publish","4":"format-standard","6":"category-conference-debat","7":"category-imperialisme","8":"category-revolution-mouvements-sociaux","9":"category-lecture-de-texte"},"_links":{"self":[{"href":"https:\/\/www.asso-unil.ch\/grc\/wp-json\/wp\/v2\/posts\/1478","targetHints":{"allow":["GET"]}}],"collection":[{"href":"https:\/\/www.asso-unil.ch\/grc\/wp-json\/wp\/v2\/posts"}],"about":[{"href":"https:\/\/www.asso-unil.ch\/grc\/wp-json\/wp\/v2\/types\/post"}],"author":[{"embeddable":true,"href":"https:\/\/www.asso-unil.ch\/grc\/wp-json\/wp\/v2\/users\/7"}],"replies":[{"embeddable":true,"href":"https:\/\/www.asso-unil.ch\/grc\/wp-json\/wp\/v2\/comments?post=1478"}],"version-history":[{"count":0,"href":"https:\/\/www.asso-unil.ch\/grc\/wp-json\/wp\/v2\/posts\/1478\/revisions"}],"wp:attachment":[{"href":"https:\/\/www.asso-unil.ch\/grc\/wp-json\/wp\/v2\/media?parent=1478"}],"wp:term":[{"taxonomy":"category","embeddable":true,"href":"https:\/\/www.asso-unil.ch\/grc\/wp-json\/wp\/v2\/categories?post=1478"},{"taxonomy":"post_tag","embeddable":true,"href":"https:\/\/www.asso-unil.ch\/grc\/wp-json\/wp\/v2\/tags?post=1478"}],"curies":[{"name":"wp","href":"https:\/\/api.w.org\/{rel}","templated":true}]}}