{"id":1352,"date":"2013-11-16T14:01:45","date_gmt":"2013-11-16T13:01:45","guid":{"rendered":"http:\/\/www.asso-unil.ch\/grc\/?p=1352"},"modified":"2013-11-16T14:10:48","modified_gmt":"2013-11-16T13:10:48","slug":"permaculture","status":"publish","type":"post","link":"https:\/\/www.asso-unil.ch\/grc\/2013\/11\/permaculture\/","title":{"rendered":"Permaculture"},"content":{"rendered":"<p>Mercredi, 20 Novembre \u00e0 18:00, G\u00e9opolis 1620<\/p>\n<p><a href=\"https:\/\/www.asso-unil.ch\/grc\/files\/2013\/11\/Affiche_Perma_CWeffects1.pdf\"><img loading=\"lazy\" decoding=\"async\" class=\"alignright size-medium wp-image-1415\" alt=\"Affiche_Permacuture\" src=\"https:\/\/www.asso-unil.ch\/grc\/files\/2013\/11\/Affiche_Perma_CWeffects-page-001-1-212x300.jpg\" width=\"212\" height=\"300\" \/><\/a><\/p>\n<p>Conf\u00e9rence-discussion de Ga\u00ebtan Morard, ethnobiologiste et permaculteur actif dans de nombreux projets en Suisse et surtout en Valais. Il viendra nous pr\u00e9senter, comme premi\u00e8re partie de la conf\u00e9rence, la th\u00e9orie de la permaculture avec notamment de nombreux exemples. Dans une seconde partie nous proposons une discussion ouverte sur le projet de permaculture en cours \u00e0 l\u2019Universit\u00e9 de Lausanne. Cette conf\u00e9rence a aussi pour but de mettre en contact des personnes ayant une exp\u00e9rience th\u00e9orique et pratique de la permaculture avec toutes celles et ceux qui sont motiv\u00e9s \u00e0 (re)d\u00e9couvrir le travail de la terre dans une perspective de permaculture, donc faites passez l\u2019information!<br \/>\nLa discussion pourra se prolonger d\u2019un bol de soupe pr\u00e9par\u00e9 pour l\u2019occasion!<\/p>\n<p>&nbsp;<\/p>\n<p>Pour alimenter la discussion avec lui et entre nous, voil\u00e0 plusieurs choses \u00e0 lire et voir:<br \/>\n<a href=\"https:\/\/www.youtube.com\/watch?v=reCemnJmkzI\" target=\"_blank\" rel=\"nofollow nofollow\">https:\/\/www.youtube.com\/watch?v=reCemnJmkzI<\/a><br \/>\n<a href=\"https:\/\/www.facebook.com\/l.php?u=http%3A%2F%2Fwww.permaculture.ch%2F&amp;h=9AQHLc2A5&amp;enc=AZOLM5bcQchfUi6ogckQCGIEi8515r3oVS8d1ww51T740PTNV8XW9BoYChoXFHYJC2c&amp;s=1\" target=\"_blank\" rel=\"nofollow nofollow\">https:\/\/www.permaculture.ch\/<\/a><br \/>\n<a href=\"https:\/\/www.permaculturedesign.fr\/\" target=\"_blank\" rel=\"nofollow nofollow\">https:\/\/www.permaculturedesign.fr\/<\/a><\/p>\n<p>&nbsp;<\/p>\n<p>et le lien pour le livre de Bill Molisson:<br \/>\n<a href=\"https:\/\/www.permaculturedesign.fr\/wp-content\/uploads\/2013\/Permaculture1.pdf\" target=\"_blank\" rel=\"nofollow nofollow\">https:\/\/www.permaculturedesign.fr\/wp-content\/uploads\/2013\/Permaculture1.pdf<\/a><\/p>\n<p>&nbsp;<\/p>\n<p>En esp\u00e9rant vous voir nombreux, bonne semaine \u00e0 tous!<\/p>\n<p>Le GRC soutien cet \u00e9v\u00e9nement organis\u00e9 par l&rsquo;association estudiantine LA PEL&rsquo;.<\/p>\n","protected":false},"excerpt":{"rendered":"<p>Mercredi, 20 Novembre \u00e0 18:00, G\u00e9opolis 1620 Conf\u00e9rence-discussion de Ga\u00ebtan Morard, ethnobiologiste et permaculteur actif dans de nombreux projets en Suisse et surtout en Valais. Il viendra nous pr\u00e9senter, comme &hellip; <\/p>\n","protected":false},"author":12,"featured_media":0,"comment_status":"closed","ping_status":"closed","sticky":false,"template":"","format":"standard","meta":{"_seopress_robots_primary_cat":"","_seopress_titles_title":"","_seopress_titles_desc":"","_seopress_robots_index":"","footnotes":""},"categories":[5,8,47,1],"tags":[],"class_list":{"0":"post-1352","1":"post","2":"type-post","3":"status-publish","4":"format-standard","6":"category-conference-debat","7":"category-environnement","8":"category-suisse","9":"category-uncategorized"},"_links":{"self":[{"href":"https:\/\/www.asso-unil.ch\/grc\/wp-json\/wp\/v2\/posts\/1352","targetHints":{"allow":["GET"]}}],"collection":[{"href":"https:\/\/www.asso-unil.ch\/grc\/wp-json\/wp\/v2\/posts"}],"about":[{"href":"https:\/\/www.asso-unil.ch\/grc\/wp-json\/wp\/v2\/types\/post"}],"author":[{"embeddable":true,"href":"https:\/\/www.asso-unil.ch\/grc\/wp-json\/wp\/v2\/users\/12"}],"replies":[{"embeddable":true,"href":"https:\/\/www.asso-unil.ch\/grc\/wp-json\/wp\/v2\/comments?post=1352"}],"version-history":[{"count":0,"href":"https:\/\/www.asso-unil.ch\/grc\/wp-json\/wp\/v2\/posts\/1352\/revisions"}],"wp:attachment":[{"href":"https:\/\/www.asso-unil.ch\/grc\/wp-json\/wp\/v2\/media?parent=1352"}],"wp:term":[{"taxonomy":"category","embeddable":true,"href":"https:\/\/www.asso-unil.ch\/grc\/wp-json\/wp\/v2\/categories?post=1352"},{"taxonomy":"post_tag","embeddable":true,"href":"https:\/\/www.asso-unil.ch\/grc\/wp-json\/wp\/v2\/tags?post=1352"}],"curies":[{"name":"wp","href":"https:\/\/api.w.org\/{rel}","templated":true}]}}