{"id":730,"date":"2021-10-13T19:41:52","date_gmt":"2021-10-13T17:41:52","guid":{"rendered":"https:\/\/www.asso-unil.ch\/cineclub\/?p=730"},"modified":"2022-05-23T14:58:25","modified_gmt":"2022-05-23T12:58:25","slug":"ile-au-tresor","status":"publish","type":"post","link":"https:\/\/www.asso-unil.ch\/cineclub\/2021\/10\/ile-au-tresor\/","title":{"rendered":"\u00ab\u00a0L&rsquo;\u00cele au tr\u00e9sor\u00a0\u00bb &#8211; Projection au Vortex"},"content":{"rendered":"\n<p>Avec cette seconde projection de notre cycle <strong>En Vacances\u2026 ou presque <\/strong>(<a rel=\"noreferrer noopener\" href=\"https:\/\/www.asso-unil.ch\/cineclub\/2021\/10\/en-vacances-ou-presque\/\" target=\"_blank\">programme complet ici<\/a>), partez \u00e0 la d\u00e9couverte de <em>L&rsquo;\u00cele au tr\u00e9sor<\/em> de Guillaume Brac. Dans son film, le cin\u00e9aste filme avec tendresse les plaisanciers de l&rsquo;\u00eele de loisirs de Cergy-Pontoise au nord-ouest de Paris. Une projection gratuite, ouverte \u00e0 tou\u00b7te\u00b7s et pr\u00e9c\u00e9d\u00e9e d\u2019un ap\u00e9ritif (<em>certificat Covid obligatoire<\/em>).<\/p>\n\n\n\n<div class=\"wp-block-columns is-layout-flex wp-container-core-columns-is-layout-9d6595d7 wp-block-columns-is-layout-flex\">\n<div class=\"wp-block-column is-layout-flow wp-block-column-is-layout-flow\">\n<figure class=\"wp-block-image size-large\"><img alt=\"\" loading=\"lazy\" decoding=\"async\" width=\"1024\" height=\"579\" src=\"https:\/\/www.asso-unil.ch\/cineclub\/files\/2021\/10\/LILE-AU-TRESOR-1-edited-1024x579.jpg\" alt=\"\" class=\"wp-image-659\" srcset=\"https:\/\/www.asso-unil.ch\/cineclub\/files\/2021\/10\/LILE-AU-TRESOR-1-edited-1024x579.jpg 1024w, https:\/\/www.asso-unil.ch\/cineclub\/files\/2021\/10\/LILE-AU-TRESOR-1-edited-300x169.jpg 300w, https:\/\/www.asso-unil.ch\/cineclub\/files\/2021\/10\/LILE-AU-TRESOR-1-edited-768x434.jpg 768w, https:\/\/www.asso-unil.ch\/cineclub\/files\/2021\/10\/LILE-AU-TRESOR-1-edited-1536x868.jpg 1536w, https:\/\/www.asso-unil.ch\/cineclub\/files\/2021\/10\/LILE-AU-TRESOR-1-edited.jpg 1917w\" sizes=\"auto, (max-width: 1024px) 100vw, 1024px\" \/><\/figure>\n<\/div>\n\n\n\n<div class=\"wp-block-column is-layout-flow wp-block-column-is-layout-flow\">\n<p style=\"font-size:15px\"><strong>L\u2019\u00ceLE AU TR\u00c9SOR<\/strong><br>R\u00e9alis\u00e9 par Guillaume Brac<br>France \u00b7 2018 \u00b7 96\u2032 \u00b7 v.o. fr.<\/p>\n\n\n\n<p style=\"font-size:15px\"><strong>Lundi 1<sup>er<\/sup> novembre 2021<br>Salle de spectacle du Vortex<\/strong><br>Portes 18h30 | Projection 19h<\/p>\n\n\n\n<p style=\"font-size:15px\">Un \u00e9t\u00e9 sur une \u00eele de loisirs en r\u00e9gion parisienne. Terrain d\u2019aventures, de drague et de transgression pour les uns, lieu de refuge et d\u2019\u00e9vasion pour les autres. De sa plage payante \u00e0 ses recoins cach\u00e9s, l\u2019exploration d\u2019un royaume de l\u2019enfance, en r\u00e9sonance avec les tumultes du monde.<\/p>\n\n\n\n<p style=\"font-size:15px\">\u00ab\u00a0Sous son air espi\u00e8gle, <em>L\u2019\u00cele au tr\u00e9sor <\/em>se r\u00e9v\u00e8le \u00eatre un film ambitieux, d\u2019une beaut\u00e9 remarquable\u2009: un \u00e9clat solaire qui rend joyeux, d\u00e9sirant, et d\u2019autant plus sensible \u00e0 une r\u00e9alit\u00e9 sociale qu\u2019elle prend forme \u00e0 travers la singularit\u00e9 magique des vivants\u00a0\u00bb (<em>Cahiers du Cin\u00e9ma<\/em>).<\/p>\n<\/div>\n<\/div>\n\n\n\n<figure class=\"wp-block-embed is-type-video is-provider-youtube wp-block-embed-youtube wp-embed-aspect-16-9 wp-has-aspect-ratio\"><div class=\"wp-block-embed__wrapper\">\n<iframe loading=\"lazy\" title=\"L&#039;ILE AU TRESOR bande annonce officielle\" width=\"735\" height=\"413\" src=\"https:\/\/www.youtube.com\/embed\/ay1pgOAUXlE?feature=oembed\" frameborder=\"0\" allow=\"accelerometer; autoplay; clipboard-write; encrypted-media; gyroscope; picture-in-picture\" allowfullscreen><\/iframe>\n<\/div><\/figure>\n","protected":false},"excerpt":{"rendered":"<p><b>1er novembre 2021<\/b> | Avec cette seconde projection de notre cycle \u00ab\u00a0En Vacances\u2026 ou presque\u00a0\u00bb, partez \u00e0 la d\u00e9couverte de <i>L&rsquo;\u00cele au tr\u00e9sor<\/i> de Guillaume Brac. <\/p>\n","protected":false},"author":6,"featured_media":659,"comment_status":"closed","ping_status":"closed","sticky":false,"template":"","format":"standard","meta":{"_seopress_robots_primary_cat":"","_seopress_titles_title":"","_seopress_titles_desc":"","_seopress_robots_index":"","footnotes":""},"categories":[3],"tags":[],"class_list":{"0":"post-730","1":"post","2":"type-post","3":"status-publish","4":"format-standard","5":"has-post-thumbnail","7":"category-evenements-passes"},"_links":{"self":[{"href":"https:\/\/www.asso-unil.ch\/cineclub\/wp-json\/wp\/v2\/posts\/730","targetHints":{"allow":["GET"]}}],"collection":[{"href":"https:\/\/www.asso-unil.ch\/cineclub\/wp-json\/wp\/v2\/posts"}],"about":[{"href":"https:\/\/www.asso-unil.ch\/cineclub\/wp-json\/wp\/v2\/types\/post"}],"author":[{"embeddable":true,"href":"https:\/\/www.asso-unil.ch\/cineclub\/wp-json\/wp\/v2\/users\/6"}],"replies":[{"embeddable":true,"href":"https:\/\/www.asso-unil.ch\/cineclub\/wp-json\/wp\/v2\/comments?post=730"}],"version-history":[{"count":0,"href":"https:\/\/www.asso-unil.ch\/cineclub\/wp-json\/wp\/v2\/posts\/730\/revisions"}],"wp:featuredmedia":[{"embeddable":true,"href":"https:\/\/www.asso-unil.ch\/cineclub\/wp-json\/wp\/v2\/media\/659"}],"wp:attachment":[{"href":"https:\/\/www.asso-unil.ch\/cineclub\/wp-json\/wp\/v2\/media?parent=730"}],"wp:term":[{"taxonomy":"category","embeddable":true,"href":"https:\/\/www.asso-unil.ch\/cineclub\/wp-json\/wp\/v2\/categories?post=730"},{"taxonomy":"post_tag","embeddable":true,"href":"https:\/\/www.asso-unil.ch\/cineclub\/wp-json\/wp\/v2\/tags?post=730"}],"curies":[{"name":"wp","href":"https:\/\/api.w.org\/{rel}","templated":true}]}}