{"id":3085,"date":"2025-09-09T07:46:00","date_gmt":"2025-09-09T05:46:00","guid":{"rendered":"https:\/\/www.asso-unil.ch\/cineclub\/?p=3085"},"modified":"2025-10-07T10:14:11","modified_gmt":"2025-10-07T08:14:11","slug":"les-filles-dolfa-projection-au-vortex","status":"publish","type":"post","link":"https:\/\/www.asso-unil.ch\/cineclub\/2025\/09\/les-filles-dolfa-projection-au-vortex\/","title":{"rendered":"\u00ab\u00a0Les filles d&rsquo;Olfa\u00a0\u00bb (projection au Vortex)"},"content":{"rendered":"\n<p id=\"block-35864361-5619-47fd-a51b-4bee83daaf62\">Transfigurations, \u00e9volutions, alt\u00e9rations : de pr\u00e8s ou de loin, tous les films du cycle automnal 2025 du Cin\u00e9-Club UNIL traitent de la m\u00e9tamorphose sous toutes ses formes, litt\u00e9rale ou figur\u00e9e, sur le fond ou la forme. Alors, les lundis, de l&rsquo;\u00e2ne au poisson, venez (re)d\u00e9couvrir six r\u00e9cits en mutation !<\/p>\n\n\n\n<div class=\"wp-block-columns wp-embed-aspect-16-9 wp-has-aspect-ratio is-layout-flex wp-container-core-columns-is-layout-9d6595d7 wp-block-columns-is-layout-flex\">\n<div class=\"wp-block-column is-layout-flow wp-block-column-is-layout-flow\">\n<figure class=\"wp-block-image size-full\"><img alt=\"\" loading=\"lazy\" decoding=\"async\" width=\"939\" height=\"529\" src=\"https:\/\/www.asso-unil.ch\/cineclub\/files\/2025\/09\/image-1.png\" alt=\"\" class=\"wp-image-3078\" srcset=\"https:\/\/www.asso-unil.ch\/cineclub\/files\/2025\/09\/image-1.png 939w, https:\/\/www.asso-unil.ch\/cineclub\/files\/2025\/09\/image-1-300x169.png 300w, https:\/\/www.asso-unil.ch\/cineclub\/files\/2025\/09\/image-1-768x433.png 768w\" sizes=\"auto, (max-width: 939px) 100vw, 939px\" \/><\/figure>\n<\/div>\n\n\n\n<div class=\"wp-block-column is-layout-flow wp-block-column-is-layout-flow\">\n<p style=\"font-size:15px\"><strong>Lundi 6 octobre 2025<br>Le Nucleo (salle de spectacle du Vortex)<\/strong><br>Ap\u00e9ritif: 18h30 | Projection: 19h<br>Gratuit et ouvert \u00e0 tous\u00b7texs<\/p>\n\n\n\n<hr class=\"wp-block-separator has-alpha-channel-opacity is-style-wide\" \/>\n\n\n\n<p style=\"font-size:15px\"><strong><em>Les filles d&rsquo;Olfa<\/em><br><\/strong>R\u00e9alis\u00e9 par Kaouther Ben Hania<br>Avec Olfa Hamrouni, Eya Chikhaoui et Tayssir Chikhaoui.<\/p>\n\n\n\n<p style=\"font-size:15px\"><br>Tunisie \/ 2023 \/ 1h47 \/ v.o. s-t fr.<\/p>\n\n\n\n<p>Un jour, les deux filles a\u00een\u00e9es d\u2019Olfa disparaissent en laissant derri\u00e8re elles leurs deux s\u0153urs, Eya et Tayssir. Avec leur m\u00e8re et accompagn\u00e9es d\u2019actrices et d\u2019acteurs, elles rejouent, racontent et revivent leur enfance et leur adolescence, marqu\u00e9e par la religion et l\u2019histoire tunisienne.<\/p>\n\n\n\n<p>Dans ce film, Kaouther Ben Hania m\u00eale aux images de la fiction le documentaire de son tournage. C\u2019est sur un ton tant\u00f4t dramatique, tant\u00f4t l\u00e9ger et souvent juste que s\u2019op\u00e8re ce tour de passe-passe entre ces deux r\u00e9gimes d\u2019images qui parfois se confondent.<\/p>\n\n\n\n<p><\/p>\n<\/div>\n<\/div>\n\n\n\n<figure class=\"wp-block-embed is-type-video is-provider-youtube wp-block-embed-youtube wp-embed-aspect-16-9 wp-has-aspect-ratio\"><div class=\"wp-block-embed__wrapper\">\n<iframe loading=\"lazy\" title=\"LES FILLES D&#039;OLFA - Bande Annonce\" width=\"735\" height=\"413\" src=\"https:\/\/www.youtube.com\/embed\/_ET_L5K0l8Q?feature=oembed\" frameborder=\"0\" allow=\"accelerometer; autoplay; clipboard-write; encrypted-media; gyroscope; picture-in-picture; web-share\" referrerpolicy=\"strict-origin-when-cross-origin\" allowfullscreen><\/iframe>\n<\/div><\/figure>\n\n\n\n<p><\/p>\n","protected":false},"excerpt":{"rendered":"<p>Deuxi\u00e8me soir\u00e9e du cycle, deuxi\u00e8me m\u00e9tamorphose. Nous rencontrons ici Olfa et ses filles, dans une Tunisie contemporaine, cadr\u00e9e par un r\u00e9cit m\u00ealant fiction et documentaire.<\/p>\n","protected":false},"author":1001312,"featured_media":3078,"comment_status":"closed","ping_status":"closed","sticky":false,"template":"","format":"standard","meta":{"_seopress_robots_primary_cat":"","_seopress_titles_title":"","_seopress_titles_desc":"","_seopress_robots_index":"","footnotes":""},"categories":[128,3,129],"tags":[11,9,13,65,12],"class_list":{"0":"post-3085","1":"post","2":"type-post","3":"status-publish","4":"format-standard","5":"has-post-thumbnail","7":"category-cycles","8":"category-evenements-passes","9":"category-campus","10":"tag-cine-club","11":"tag-cinema","12":"tag-film","13":"tag-projection","14":"tag-unil"},"_links":{"self":[{"href":"https:\/\/www.asso-unil.ch\/cineclub\/wp-json\/wp\/v2\/posts\/3085","targetHints":{"allow":["GET"]}}],"collection":[{"href":"https:\/\/www.asso-unil.ch\/cineclub\/wp-json\/wp\/v2\/posts"}],"about":[{"href":"https:\/\/www.asso-unil.ch\/cineclub\/wp-json\/wp\/v2\/types\/post"}],"author":[{"embeddable":true,"href":"https:\/\/www.asso-unil.ch\/cineclub\/wp-json\/wp\/v2\/users\/1001312"}],"replies":[{"embeddable":true,"href":"https:\/\/www.asso-unil.ch\/cineclub\/wp-json\/wp\/v2\/comments?post=3085"}],"version-history":[{"count":2,"href":"https:\/\/www.asso-unil.ch\/cineclub\/wp-json\/wp\/v2\/posts\/3085\/revisions"}],"predecessor-version":[{"id":3114,"href":"https:\/\/www.asso-unil.ch\/cineclub\/wp-json\/wp\/v2\/posts\/3085\/revisions\/3114"}],"wp:featuredmedia":[{"embeddable":true,"href":"https:\/\/www.asso-unil.ch\/cineclub\/wp-json\/wp\/v2\/media\/3078"}],"wp:attachment":[{"href":"https:\/\/www.asso-unil.ch\/cineclub\/wp-json\/wp\/v2\/media?parent=3085"}],"wp:term":[{"taxonomy":"category","embeddable":true,"href":"https:\/\/www.asso-unil.ch\/cineclub\/wp-json\/wp\/v2\/categories?post=3085"},{"taxonomy":"post_tag","embeddable":true,"href":"https:\/\/www.asso-unil.ch\/cineclub\/wp-json\/wp\/v2\/tags?post=3085"}],"curies":[{"name":"wp","href":"https:\/\/api.w.org\/{rel}","templated":true}]}}