{"id":2618,"date":"2025-02-01T04:50:00","date_gmt":"2025-02-01T03:50:00","guid":{"rendered":"https:\/\/www.asso-unil.ch\/cineclub\/?p=2618"},"modified":"2025-05-04T11:29:55","modified_gmt":"2025-05-04T09:29:55","slug":"sans-toit-ni-loi-projection-au-vortex","status":"publish","type":"post","link":"https:\/\/www.asso-unil.ch\/cineclub\/2025\/02\/sans-toit-ni-loi-projection-au-vortex\/","title":{"rendered":"\u00ab\u00a0Sans Toit ni loi\u00a0\u00bb (projection au Vortex)"},"content":{"rendered":"\n<p class=\"wp-embed-aspect-16-9 wp-has-aspect-ratio\">Ce printemps 2025, Le Cin\u00e9-club UNIL vous propose de revisiter par le cin\u00e9ma le th\u00e8me de la d\u00e9sob\u00e9issance. Nous avons concoct\u00e9 une s\u00e9lection turbulente et vari\u00e9e de films qui n\u2019en font qu\u2019\u00e0 leur t\u00eate. Alors le lundi soir, faites le mur et venez appr\u00e9ciez la r\u00e9bellion dimension grand \u00e9cran\u00a0! \u00a0<\/p>\n\n\n\n<div class=\"wp-block-columns wp-embed-aspect-16-9 wp-has-aspect-ratio is-layout-flex wp-container-core-columns-is-layout-9d6595d7 wp-block-columns-is-layout-flex\">\n<div class=\"wp-block-column is-layout-flow wp-block-column-is-layout-flow\">\n<figure class=\"wp-block-image size-full\"><img alt=\"\" loading=\"lazy\" decoding=\"async\" width=\"1377\" height=\"774\" src=\"https:\/\/www.asso-unil.ch\/cineclub\/files\/2025\/02\/sans-toit-ni-loi-1.jpg\" alt=\"\" class=\"wp-image-2619\" srcset=\"https:\/\/www.asso-unil.ch\/cineclub\/files\/2025\/02\/sans-toit-ni-loi-1.jpg 1377w, https:\/\/www.asso-unil.ch\/cineclub\/files\/2025\/02\/sans-toit-ni-loi-1-300x169.jpg 300w, https:\/\/www.asso-unil.ch\/cineclub\/files\/2025\/02\/sans-toit-ni-loi-1-1024x576.jpg 1024w, https:\/\/www.asso-unil.ch\/cineclub\/files\/2025\/02\/sans-toit-ni-loi-1-768x432.jpg 768w\" sizes=\"auto, (max-width: 1377px) 100vw, 1377px\" \/><\/figure>\n<\/div>\n\n\n\n<div class=\"wp-block-column is-layout-flow wp-block-column-is-layout-flow\">\n<p style=\"font-size:15px\"><strong>Lundi 28 avril 2025<br>Le Nucleo (salle de spectacle du Vortex)<\/strong><br>Ap\u00e9ritif: 18h30 | Projection: 19h<br>Gratuit et ouvert \u00e0 tous\u00b7texs<\/p>\n\n\n\n<hr class=\"wp-block-separator has-alpha-channel-opacity is-style-wide\" \/>\n\n\n\n<p style=\"font-size:15px\"><strong><em>Sans Toit ni loi<\/em><br><\/strong>R\u00e9alis\u00e9 par Agn\u00e8s Varda<br>Avec Sandrine Bonnaire, Macha M\u00e9ril, St\u00e9phane Freiss<\/p>\n\n\n\n<p style=\"font-size:15px\"><br>France \/ 1985 \/ 1h45 \/ v.f.<\/p>\n\n\n\n<p>En hiver, une jeune vagabonde est retrouv\u00e9e morte dans un foss\u00e9. \u00c0 travers les t\u00e9moignages de ceux qu&rsquo;elle a crois\u00e9s, le film retrace ses derniers jours. Rebelle et solitaire, Mona symbolise une qu\u00eate de libert\u00e9 qui d\u00e9fie les normes sociales, tout en interrogeant notre regard sur les marginaux.<\/p>\n\n\n\n<p>Avec <em>Sans toit ni loi<\/em>, Agn\u00e8s Varda brosse le portrait d\u2019une d\u00e9sob\u00e9issance radicale. Mona refuse les contraintes d\u2019une soci\u00e9t\u00e9 norm\u00e9e et incarne une libert\u00e9 brute mais co\u00fbteuse. Ce chef-d\u2019\u0153uvre, m\u00ealant fiction et documentaire, explore la r\u00e9volte silencieuse contre les attentes sociales et \u00e9conomiques.<\/p>\n<\/div>\n<\/div>\n\n\n\n<figure class=\"wp-block-embed is-type-video is-provider-youtube wp-block-embed-youtube wp-embed-aspect-16-9 wp-has-aspect-ratio\"><div class=\"wp-block-embed__wrapper\">\n<iframe loading=\"lazy\" title=\"SANS TOIT NI LOI (VAGABOND) ORIGINAL TRAILER 1985 AGNES VARDA\" width=\"735\" height=\"413\" src=\"https:\/\/www.youtube.com\/embed\/niPLWtg2G0g?feature=oembed\" frameborder=\"0\" allow=\"accelerometer; autoplay; clipboard-write; encrypted-media; gyroscope; picture-in-picture; web-share\" referrerpolicy=\"strict-origin-when-cross-origin\" allowfullscreen><\/iframe>\n<\/div><\/figure>\n","protected":false},"excerpt":{"rendered":"<p>Qui dit 5\u00e8me film du cycle dit que c&rsquo;est l&rsquo;avant-dernier. \u00ab\u00a0Sans Toit ni loi\u00a0\u00bb de la r\u00e9alisatrice Agn\u00e8s Varda est au programme de cette projection, narrant l&rsquo;\u00e9pop\u00e9e d&rsquo;une vagabonde contre les r\u00e8gles sociales.<\/p>\n","protected":false},"author":6,"featured_media":2619,"comment_status":"closed","ping_status":"closed","sticky":false,"template":"","format":"standard","meta":{"_seopress_robots_primary_cat":"","_seopress_titles_title":"","_seopress_titles_desc":"","_seopress_robots_index":"","footnotes":""},"categories":[3,129],"tags":[11,9,13,91,65],"class_list":{"0":"post-2618","1":"post","2":"type-post","3":"status-publish","4":"format-standard","5":"has-post-thumbnail","7":"category-evenements-passes","8":"category-campus","9":"tag-cine-club","10":"tag-cinema","11":"tag-film","12":"tag-gratuit","13":"tag-projection"},"_links":{"self":[{"href":"https:\/\/www.asso-unil.ch\/cineclub\/wp-json\/wp\/v2\/posts\/2618","targetHints":{"allow":["GET"]}}],"collection":[{"href":"https:\/\/www.asso-unil.ch\/cineclub\/wp-json\/wp\/v2\/posts"}],"about":[{"href":"https:\/\/www.asso-unil.ch\/cineclub\/wp-json\/wp\/v2\/types\/post"}],"author":[{"embeddable":true,"href":"https:\/\/www.asso-unil.ch\/cineclub\/wp-json\/wp\/v2\/users\/6"}],"replies":[{"embeddable":true,"href":"https:\/\/www.asso-unil.ch\/cineclub\/wp-json\/wp\/v2\/comments?post=2618"}],"version-history":[{"count":3,"href":"https:\/\/www.asso-unil.ch\/cineclub\/wp-json\/wp\/v2\/posts\/2618\/revisions"}],"predecessor-version":[{"id":2666,"href":"https:\/\/www.asso-unil.ch\/cineclub\/wp-json\/wp\/v2\/posts\/2618\/revisions\/2666"}],"wp:featuredmedia":[{"embeddable":true,"href":"https:\/\/www.asso-unil.ch\/cineclub\/wp-json\/wp\/v2\/media\/2619"}],"wp:attachment":[{"href":"https:\/\/www.asso-unil.ch\/cineclub\/wp-json\/wp\/v2\/media?parent=2618"}],"wp:term":[{"taxonomy":"category","embeddable":true,"href":"https:\/\/www.asso-unil.ch\/cineclub\/wp-json\/wp\/v2\/categories?post=2618"},{"taxonomy":"post_tag","embeddable":true,"href":"https:\/\/www.asso-unil.ch\/cineclub\/wp-json\/wp\/v2\/tags?post=2618"}],"curies":[{"name":"wp","href":"https:\/\/api.w.org\/{rel}","templated":true}]}}