{"id":2616,"date":"2025-02-01T04:28:00","date_gmt":"2025-02-01T03:28:00","guid":{"rendered":"https:\/\/www.asso-unil.ch\/cineclub\/?p=2616"},"modified":"2025-04-17T11:29:24","modified_gmt":"2025-04-17T09:29:24","slug":"la-planete-sauvage-projection-au-vortex","status":"publish","type":"post","link":"https:\/\/www.asso-unil.ch\/cineclub\/2025\/02\/la-planete-sauvage-projection-au-vortex\/","title":{"rendered":"\u00ab\u00a0La Plan\u00e8te Sauvage\u00a0\u00bb (projection au Vortex)"},"content":{"rendered":"\n<p class=\"wp-embed-aspect-16-9 wp-has-aspect-ratio\">Ce printemps 2025, Le Cin\u00e9-club UNIL vous propose de revisiter par le cin\u00e9ma le th\u00e8me de la d\u00e9sob\u00e9issance. Nous avons concoct\u00e9 une s\u00e9lection turbulente et vari\u00e9e de films qui n\u2019en font qu\u2019\u00e0 leur t\u00eate. Alors le lundi soir, faites le mur et venez appr\u00e9ciez la r\u00e9bellion dimension grand \u00e9cran\u00a0! \u00a0<\/p>\n\n\n\n<div class=\"wp-block-columns wp-embed-aspect-16-9 wp-has-aspect-ratio is-layout-flex wp-container-core-columns-is-layout-9d6595d7 wp-block-columns-is-layout-flex\">\n<div class=\"wp-block-column is-layout-flow wp-block-column-is-layout-flow\">\n<figure class=\"wp-block-image size-full\"><img alt=\"\" loading=\"lazy\" decoding=\"async\" width=\"1377\" height=\"774\" src=\"https:\/\/www.asso-unil.ch\/cineclub\/files\/2025\/02\/la-planete-sauvage.jpg\" alt=\"\" class=\"wp-image-2604\" srcset=\"https:\/\/www.asso-unil.ch\/cineclub\/files\/2025\/02\/la-planete-sauvage.jpg 1377w, https:\/\/www.asso-unil.ch\/cineclub\/files\/2025\/02\/la-planete-sauvage-300x169.jpg 300w, https:\/\/www.asso-unil.ch\/cineclub\/files\/2025\/02\/la-planete-sauvage-1024x576.jpg 1024w, https:\/\/www.asso-unil.ch\/cineclub\/files\/2025\/02\/la-planete-sauvage-768x432.jpg 768w\" sizes=\"auto, (max-width: 1377px) 100vw, 1377px\" \/><\/figure>\n<\/div>\n\n\n\n<div class=\"wp-block-column is-layout-flow wp-block-column-is-layout-flow\">\n<p style=\"font-size:15px\"><strong>Lundi 14 avril 2025<br>Le Nucleo (salle de spectacle du Vortex)<\/strong><br>Ap\u00e9ritif: 18h30 | Projection: 19h<br>Gratuit et ouvert \u00e0 tous\u00b7texs<\/p>\n\n\n\n<hr class=\"wp-block-separator has-alpha-channel-opacity is-style-wide\" \/>\n\n\n\n<p style=\"font-size:15px\"><strong><em>La Plan\u00e8te Sauvage<\/em><br><\/strong>R\u00e9alis\u00e9 par Ren\u00e9 Laloux<br>Avec Jean Topart, Jean Valmont et Yves Barsacq.<\/p>\n\n\n\n<p style=\"font-size:15px\"><br>France\/R\u00e9publique Tch\u00e8que \/ 1973 \/ 1h12 \/ v.f.<\/p>\n\n\n\n<p>Sur la plan\u00e8te Ygam, les Draags, une race de g\u00e9ants ayant atteint un niveau de civilisation avanc\u00e9, coexistent avec les Oms, trait\u00e9s comme leurs animaux de compagnie. Un beau jour un Om r\u00e9ussi \u00e0 s\u2019\u00e9chapper, emportant avec lui le savoir des Draags et engendrant la r\u00e9volte de son esp\u00e8ce\u2026<\/p>\n\n\n\n<p>Cette adaptation du roman \u201cOms en s\u00e9rie\u201d de Stefan Wul est un monument de la science-fiction. Une fable philosophique pr\u00f4nant le pacifisme (par la r\u00e9volte). Le sc\u00e9nario sign\u00e9 Laloux, magnifi\u00e9 par les dessins de Topor, ont \u00e0 jamais r\u00e9volutionn\u00e9 la perception du public sur le film d\u2019animation.<\/p>\n<\/div>\n<\/div>\n\n\n\n<figure class=\"wp-block-embed is-type-video is-provider-youtube wp-block-embed-youtube wp-embed-aspect-16-9 wp-has-aspect-ratio\"><div class=\"wp-block-embed__wrapper\">\n<iframe loading=\"lazy\" title=\"La plan\u00e8te sauvage (1973) - trailer\" width=\"735\" height=\"413\" src=\"https:\/\/www.youtube.com\/embed\/ZkIAkDsiUoo?feature=oembed\" frameborder=\"0\" allow=\"accelerometer; autoplay; clipboard-write; encrypted-media; gyroscope; picture-in-picture; web-share\" referrerpolicy=\"strict-origin-when-cross-origin\" allowfullscreen><\/iframe>\n<\/div><\/figure>\n","protected":false},"excerpt":{"rendered":"<p>4\u00e8me et ant\u00e9p\u00e9nulti\u00e8me film du cycle d\u00e9sob\u00e9issant, \u00ab\u00a0La Plan\u00e8te Sauvage\u00a0\u00bb de Ren\u00e9 Laloux d\u00e9sob\u00e9it \u00e0 la croyance populaire qu&rsquo;un film d&rsquo;animation est r\u00e9serv\u00e9 \u00e0 un public enfantin.<\/p>\n","protected":false},"author":6,"featured_media":2604,"comment_status":"closed","ping_status":"closed","sticky":false,"template":"","format":"standard","meta":{"_seopress_robots_primary_cat":"","_seopress_titles_title":"","_seopress_titles_desc":"","_seopress_robots_index":"","footnotes":""},"categories":[3,129],"tags":[11,13,91,65],"class_list":{"0":"post-2616","1":"post","2":"type-post","3":"status-publish","4":"format-standard","5":"has-post-thumbnail","7":"category-evenements-passes","8":"category-campus","9":"tag-cine-club","10":"tag-film","11":"tag-gratuit","12":"tag-projection"},"_links":{"self":[{"href":"https:\/\/www.asso-unil.ch\/cineclub\/wp-json\/wp\/v2\/posts\/2616","targetHints":{"allow":["GET"]}}],"collection":[{"href":"https:\/\/www.asso-unil.ch\/cineclub\/wp-json\/wp\/v2\/posts"}],"about":[{"href":"https:\/\/www.asso-unil.ch\/cineclub\/wp-json\/wp\/v2\/types\/post"}],"author":[{"embeddable":true,"href":"https:\/\/www.asso-unil.ch\/cineclub\/wp-json\/wp\/v2\/users\/6"}],"replies":[{"embeddable":true,"href":"https:\/\/www.asso-unil.ch\/cineclub\/wp-json\/wp\/v2\/comments?post=2616"}],"version-history":[{"count":4,"href":"https:\/\/www.asso-unil.ch\/cineclub\/wp-json\/wp\/v2\/posts\/2616\/revisions"}],"predecessor-version":[{"id":2665,"href":"https:\/\/www.asso-unil.ch\/cineclub\/wp-json\/wp\/v2\/posts\/2616\/revisions\/2665"}],"wp:featuredmedia":[{"embeddable":true,"href":"https:\/\/www.asso-unil.ch\/cineclub\/wp-json\/wp\/v2\/media\/2604"}],"wp:attachment":[{"href":"https:\/\/www.asso-unil.ch\/cineclub\/wp-json\/wp\/v2\/media?parent=2616"}],"wp:term":[{"taxonomy":"category","embeddable":true,"href":"https:\/\/www.asso-unil.ch\/cineclub\/wp-json\/wp\/v2\/categories?post=2616"},{"taxonomy":"post_tag","embeddable":true,"href":"https:\/\/www.asso-unil.ch\/cineclub\/wp-json\/wp\/v2\/tags?post=2616"}],"curies":[{"name":"wp","href":"https:\/\/api.w.org\/{rel}","templated":true}]}}