{"id":2364,"date":"2024-09-01T01:30:00","date_gmt":"2024-08-31T23:30:00","guid":{"rendered":"https:\/\/www.asso-unil.ch\/cineclub\/?p=2364"},"modified":"2024-11-25T14:56:42","modified_gmt":"2024-11-25T13:56:42","slug":"le-retour-du-projectionniste-projection-collaborative-avec-lets-doc","status":"publish","type":"post","link":"https:\/\/www.asso-unil.ch\/cineclub\/2024\/09\/le-retour-du-projectionniste-projection-collaborative-avec-lets-doc\/","title":{"rendered":"\u00ab\u00a0Le retour du projectionniste\u00a0\u00bb &#8211; Projection collaborative avec Let&rsquo;s Doc"},"content":{"rendered":"\n<p>Dans le cadre du festival <a href=\"https:\/\/2024.letsdoc.ch\/fr\">Let\u2019s doc<\/a>, le Cin\u00e9-club vous pr\u00e9sente en avant-premi\u00e8re \u00ab\u00a0Le retour du projectionniste\u00a0\u00bb.<\/p>\n\n\n\n<div class=\"wp-block-columns is-layout-flex wp-container-core-columns-is-layout-9d6595d7 wp-block-columns-is-layout-flex\">\n<div class=\"wp-block-column is-layout-flow wp-block-column-is-layout-flow\">\n<figure class=\"wp-block-image size-large\"><img alt=\"\" loading=\"lazy\" decoding=\"async\" width=\"1430\" height=\"804\" src=\"https:\/\/www.asso-unil.ch\/cineclub\/files\/2024\/11\/PROJ_Still1\u00a9Kidam-Lichtblick-films-1-edited.png\" alt=\"\" class=\"wp-image-2498\" srcset=\"https:\/\/www.asso-unil.ch\/cineclub\/files\/2024\/11\/PROJ_Still1\u00a9Kidam-Lichtblick-films-1-edited.png 1430w, https:\/\/www.asso-unil.ch\/cineclub\/files\/2024\/11\/PROJ_Still1\u00a9Kidam-Lichtblick-films-1-edited-300x169.png 300w, https:\/\/www.asso-unil.ch\/cineclub\/files\/2024\/11\/PROJ_Still1\u00a9Kidam-Lichtblick-films-1-edited-1024x576.png 1024w, https:\/\/www.asso-unil.ch\/cineclub\/files\/2024\/11\/PROJ_Still1\u00a9Kidam-Lichtblick-films-1-edited-768x432.png 768w\" sizes=\"auto, (max-width: 1430px) 100vw, 1430px\" \/><figcaption class=\"wp-element-caption\">\u00a9Festival Verleiher<\/figcaption><\/figure>\n<\/div>\n\n\n\n<div class=\"wp-block-column is-layout-flow wp-block-column-is-layout-flow\">\n<p style=\"font-size:15px\"><strong>Mardi 19 novembre 2024<br>Foyer de La Grange (UNIL)<\/strong><br>Projection introduite par un ap\u00e9ro, suivie d&rsquo;une discussion avec un projectionniste retrait\u00e9<br>Gratuit et ouvert \u00e0 tous\u00b7texs<\/p>\n\n\n\n<p style=\"font-size:15px\">ap\u00e9ro: 18:30 \/ projection 19:00<\/p>\n\n\n\n<hr class=\"wp-block-separator has-alpha-channel-opacity is-style-wide\" \/>\n\n\n\n<p style=\"font-size:15px\"><strong>Le retour du projectionniste <\/strong><em>(The Return of the projectionist<\/em>)<br>R\u00e9alis\u00e9 par Orkhan Aghazadeh<br>France-Allemagne\/ 2024\/ 87 min\/ v.o. s-t fr.<\/p>\n\n\n\n<p style=\"font-size:15px\">Samid et Ayaz ont 50 ans d\u2019\u00e9cart mais une passion commune\u2009: le cin\u00e9ma\u2009! Tous deux ne tarissent pas d\u2019id\u00e9es pour ressusciter le cin\u00e9ma de leur village perch\u00e9 au milieu des collines d\u2019Azerba\u00efdjan. Lorsqu\u2019arrive enfin le Graal\u2009: une ampoule pour le projecteur command\u00e9e depuis des mois. Les habitant\u00b7e\u00b7s se serrent dans la salle\u2026 mais la magie fonctionnera-t-elle ?<\/p>\n<\/div>\n<\/div>\n\n\n\n<figure class=\"wp-block-embed is-type-video is-provider-youtube wp-block-embed-youtube wp-embed-aspect-16-9 wp-has-aspect-ratio\"><div class=\"wp-block-embed__wrapper\">\n<iframe loading=\"lazy\" title=\"Trailer | The Return of the Projectionist | Orkhan Aghazadeh\" width=\"735\" height=\"413\" src=\"https:\/\/www.youtube.com\/embed\/NrPn7fR3zn4?start=1&#038;feature=oembed\" frameborder=\"0\" allow=\"accelerometer; autoplay; clipboard-write; encrypted-media; gyroscope; picture-in-picture; web-share\" referrerpolicy=\"strict-origin-when-cross-origin\" allowfullscreen><\/iframe>\n<\/div><\/figure>\n\n\n\n<p><\/p>\n","protected":false},"excerpt":{"rendered":"<p><b>19 novembre 2024<\/b> | Dans le cadre du festival Let\u2019s doc, le Cin\u00e9-club vous pr\u00e9sente en avant-premi\u00e8re \u00ab\u00a0Le retour du projectionniste\u00a0\u00bb.<\/p>\n","protected":false},"author":1001312,"featured_media":2498,"comment_status":"closed","ping_status":"closed","sticky":false,"template":"","format":"standard","meta":{"_seopress_robots_primary_cat":"","_seopress_titles_title":"","_seopress_titles_desc":"","_seopress_robots_index":"","footnotes":""},"categories":[3,5,1],"tags":[11,80,13],"class_list":{"0":"post-2364","1":"post","2":"type-post","3":"status-publish","4":"format-standard","5":"has-post-thumbnail","7":"category-evenements-passes","8":"category-festivals","9":"category-uncategorized","10":"tag-cine-club","11":"tag-culture","12":"tag-film"},"_links":{"self":[{"href":"https:\/\/www.asso-unil.ch\/cineclub\/wp-json\/wp\/v2\/posts\/2364","targetHints":{"allow":["GET"]}}],"collection":[{"href":"https:\/\/www.asso-unil.ch\/cineclub\/wp-json\/wp\/v2\/posts"}],"about":[{"href":"https:\/\/www.asso-unil.ch\/cineclub\/wp-json\/wp\/v2\/types\/post"}],"author":[{"embeddable":true,"href":"https:\/\/www.asso-unil.ch\/cineclub\/wp-json\/wp\/v2\/users\/1001312"}],"replies":[{"embeddable":true,"href":"https:\/\/www.asso-unil.ch\/cineclub\/wp-json\/wp\/v2\/comments?post=2364"}],"version-history":[{"count":5,"href":"https:\/\/www.asso-unil.ch\/cineclub\/wp-json\/wp\/v2\/posts\/2364\/revisions"}],"predecessor-version":[{"id":2500,"href":"https:\/\/www.asso-unil.ch\/cineclub\/wp-json\/wp\/v2\/posts\/2364\/revisions\/2500"}],"wp:featuredmedia":[{"embeddable":true,"href":"https:\/\/www.asso-unil.ch\/cineclub\/wp-json\/wp\/v2\/media\/2498"}],"wp:attachment":[{"href":"https:\/\/www.asso-unil.ch\/cineclub\/wp-json\/wp\/v2\/media?parent=2364"}],"wp:term":[{"taxonomy":"category","embeddable":true,"href":"https:\/\/www.asso-unil.ch\/cineclub\/wp-json\/wp\/v2\/categories?post=2364"},{"taxonomy":"post_tag","embeddable":true,"href":"https:\/\/www.asso-unil.ch\/cineclub\/wp-json\/wp\/v2\/tags?post=2364"}],"curies":[{"name":"wp","href":"https:\/\/api.w.org\/{rel}","templated":true}]}}