{"id":2347,"date":"2024-09-01T05:59:00","date_gmt":"2024-09-01T03:59:00","guid":{"rendered":"https:\/\/www.asso-unil.ch\/cineclub\/?p=2347"},"modified":"2024-11-26T12:36:52","modified_gmt":"2024-11-26T11:36:52","slug":"interdit-aux-chiens-et-aux-italiens-projection-au-vortex","status":"publish","type":"post","link":"https:\/\/www.asso-unil.ch\/cineclub\/2024\/09\/interdit-aux-chiens-et-aux-italiens-projection-au-vortex\/","title":{"rendered":"\u00ab\u00a0Interdit aux chiens et aux italiens\u00a0\u00bb (projection au Vortex)"},"content":{"rendered":"\n<p class=\"wp-embed-aspect-16-9 wp-has-aspect-ratio\">Cet automne, le Cin\u00e9-club propose de visionner six films consacr\u00e9s au travail et ses divers repr\u00e9sentations avec le cycle \u00ab\u00a0\u00c0 l&rsquo;\u0152uvre\u00a0\u00bb . De l&rsquo;univers du bureau aux luttes ouvri\u00e8res, en passant par des r\u00e9cits de r\u00e9sistance ou de cr\u00e9ation artistique, ces six films de genres et d&rsquo;\u00e9poques vari\u00e9s vous feront d\u00e9couvrir les multiples visages du labeur humain. Que ce soit \u00e0 travers le prisme de l&rsquo;humour, du drame ou du fantastique, ce cycle promet de transformer vos lundis soir en une r\u00e9flexion cin\u00e9matographique sur ce que signifie vraiment \u00eatre \u00e0 l&rsquo;\u0153uvre.<\/p>\n\n\n\n<div class=\"wp-block-columns wp-embed-aspect-16-9 wp-has-aspect-ratio is-layout-flex wp-container-core-columns-is-layout-9d6595d7 wp-block-columns-is-layout-flex\">\n<div class=\"wp-block-column is-layout-flow wp-block-column-is-layout-flow\">\n<figure class=\"wp-block-image size-full\"><img alt=\"\" loading=\"lazy\" decoding=\"async\" width=\"907\" height=\"510\" src=\"https:\/\/www.asso-unil.ch\/cineclub\/files\/2024\/09\/chienitalien-edited.jpg\" alt=\"\" class=\"wp-image-2312\" srcset=\"https:\/\/www.asso-unil.ch\/cineclub\/files\/2024\/09\/chienitalien-edited.jpg 907w, https:\/\/www.asso-unil.ch\/cineclub\/files\/2024\/09\/chienitalien-edited-300x169.jpg 300w, https:\/\/www.asso-unil.ch\/cineclub\/files\/2024\/09\/chienitalien-edited-768x432.jpg 768w\" sizes=\"auto, (max-width: 907px) 100vw, 907px\" \/><\/figure>\n<\/div>\n\n\n\n<div class=\"wp-block-column is-layout-flow wp-block-column-is-layout-flow\">\n<p style=\"font-size:15px\"><strong>Lundi 23 novembre 2024<br>Le Nucleo (salle de spectacle du Vortex)<\/strong><br>Ap\u00e9ritif: 18h30 | Projection: 19h<br>Gratuit et ouvert \u00e0 tous\u00b7te\u00b7x\u00b7s<\/p>\n\n\n\n<hr class=\"wp-block-separator has-alpha-channel-opacity is-style-wide\" \/>\n\n\n\n<p style=\"font-size:15px\"><strong>Interdit aux chiens et aux Italiens <\/strong><\/p>\n\n\n\n<p style=\"font-size:15px\">R\u00e9alis\u00e9 par Alain Ughetto<br>Animation par Elie Chapuis,&nbsp;&nbsp;Marjolaine Parot,&nbsp;&nbsp;Pierre-Luc Granjon,&nbsp;&nbsp;Cha\u00eftane Conversat<\/p>\n\n\n\n<p style=\"font-size:15px\"><br>France, Suisse, Italie, Belgique \/ 2022 \/80&Prime; \/ v.o.<\/p>\n\n\n\n<p>A l\u2019aube du 20e si\u00e8cle, la vie dans le village Pi\u00e9montais d\u2019Ughettera est devenue difficile, et la famille Ughetto est frapp\u00e9e par la pr\u00e9carit\u00e9. Luigi Ughetto et ses fr\u00e8res quittent alors leur ville natale en qu\u00eate d\u2019une existence meilleure de l\u2019autre c\u00f4t\u00e9 des Alpes.<\/p>\n\n\n\n<p>\u00c0 travers l\u2019usage de p\u00e2te \u00e0 modeler, de brocolis ou d\u2019une vache en plastique, Alain Ughetto raconte le parcours de son grand-p\u00e8re et retrace l\u2019histoire de l\u2019\u00e9migration italienne. Destin\u00e9 \u00e0 un public de tous \u00e2ges, ce film pr\u00e9sente ce pan de l\u2019histoire italienne avec humour\u00a0et\u00a0tendresse.<\/p>\n<\/div>\n<\/div>\n\n\n\n<figure class=\"wp-block-embed is-type-video is-provider-youtube wp-block-embed-youtube wp-embed-aspect-16-9 wp-has-aspect-ratio\"><div class=\"wp-block-embed__wrapper\">\n<iframe loading=\"lazy\" title=\"Interdit aux chiens et aux Italiens - Bande-annonce\" width=\"735\" height=\"413\" src=\"https:\/\/www.youtube.com\/embed\/LZUc5IHKRNg?feature=oembed\" frameborder=\"0\" allow=\"accelerometer; autoplay; clipboard-write; encrypted-media; gyroscope; picture-in-picture; web-share\" referrerpolicy=\"strict-origin-when-cross-origin\" allowfullscreen><\/iframe>\n<\/div><\/figure>\n","protected":false},"excerpt":{"rendered":"<p><b>Lundi 25 novembre 2024<\/b> | Pour l&rsquo;avant dernier film du cycle \u00ab\u00a0A l&rsquo;oeuvre\u00a0\u00bb, venez d\u00e9couvrir le r\u00e9cit touchant de la famille Ughetto, marqu\u00e9e par la vague d&rsquo;\u00e9migration italienne du 20e si\u00e8cle. <\/p>\n","protected":false},"author":1001269,"featured_media":2312,"comment_status":"closed","ping_status":"closed","sticky":false,"template":"","format":"standard","meta":{"_seopress_robots_primary_cat":"","_seopress_titles_title":"","_seopress_titles_desc":"","_seopress_robots_index":"","footnotes":""},"categories":[3,1,129],"tags":[],"class_list":{"0":"post-2347","1":"post","2":"type-post","3":"status-publish","4":"format-standard","5":"has-post-thumbnail","7":"category-evenements-passes","8":"category-uncategorized","9":"category-campus"},"_links":{"self":[{"href":"https:\/\/www.asso-unil.ch\/cineclub\/wp-json\/wp\/v2\/posts\/2347","targetHints":{"allow":["GET"]}}],"collection":[{"href":"https:\/\/www.asso-unil.ch\/cineclub\/wp-json\/wp\/v2\/posts"}],"about":[{"href":"https:\/\/www.asso-unil.ch\/cineclub\/wp-json\/wp\/v2\/types\/post"}],"author":[{"embeddable":true,"href":"https:\/\/www.asso-unil.ch\/cineclub\/wp-json\/wp\/v2\/users\/1001269"}],"replies":[{"embeddable":true,"href":"https:\/\/www.asso-unil.ch\/cineclub\/wp-json\/wp\/v2\/comments?post=2347"}],"version-history":[{"count":2,"href":"https:\/\/www.asso-unil.ch\/cineclub\/wp-json\/wp\/v2\/posts\/2347\/revisions"}],"predecessor-version":[{"id":2352,"href":"https:\/\/www.asso-unil.ch\/cineclub\/wp-json\/wp\/v2\/posts\/2347\/revisions\/2352"}],"wp:featuredmedia":[{"embeddable":true,"href":"https:\/\/www.asso-unil.ch\/cineclub\/wp-json\/wp\/v2\/media\/2312"}],"wp:attachment":[{"href":"https:\/\/www.asso-unil.ch\/cineclub\/wp-json\/wp\/v2\/media?parent=2347"}],"wp:term":[{"taxonomy":"category","embeddable":true,"href":"https:\/\/www.asso-unil.ch\/cineclub\/wp-json\/wp\/v2\/categories?post=2347"},{"taxonomy":"post_tag","embeddable":true,"href":"https:\/\/www.asso-unil.ch\/cineclub\/wp-json\/wp\/v2\/tags?post=2347"}],"curies":[{"name":"wp","href":"https:\/\/api.w.org\/{rel}","templated":true}]}}