{"id":2336,"date":"2024-09-01T05:16:00","date_gmt":"2024-09-01T03:16:00","guid":{"rendered":"https:\/\/www.asso-unil.ch\/cineclub\/?p=2336"},"modified":"2024-11-13T17:07:57","modified_gmt":"2024-11-13T16:07:57","slug":"la-classa-operaia-va-in-paradiso-projection-au-vortex","status":"publish","type":"post","link":"https:\/\/www.asso-unil.ch\/cineclub\/2024\/09\/la-classa-operaia-va-in-paradiso-projection-au-vortex\/","title":{"rendered":"\u00ab\u00a0La classa operaia va in paradiso\u00a0\u00bb (projection au Vortex)"},"content":{"rendered":"\n<p class=\"wp-embed-aspect-16-9 wp-has-aspect-ratio\">Cet automne, le Cin\u00e9-club propose de visionner six films consacr\u00e9s au travail et ses divers repr\u00e9sentations avec le cycle \u00ab\u00a0\u00c0 l&rsquo;\u0152uvre\u00a0\u00bb . De l&rsquo;univers du bureau aux luttes ouvri\u00e8res, en passant par des r\u00e9cits de r\u00e9sistance ou de cr\u00e9ation artistique, ces six films de genres et d&rsquo;\u00e9poques vari\u00e9s vous feront d\u00e9couvrir les multiples visages du labeur humain. Que ce soit \u00e0 travers le prisme de l&rsquo;humour, du drame ou du fantastique, ce cycle promet de transformer vos lundis soir en une r\u00e9flexion cin\u00e9matographique sur ce que signifie vraiment \u00eatre \u00e0 l&rsquo;\u0153uvre.<\/p>\n\n\n\n<div class=\"wp-block-columns wp-embed-aspect-16-9 wp-has-aspect-ratio is-layout-flex wp-container-core-columns-is-layout-9d6595d7 wp-block-columns-is-layout-flex\">\n<div class=\"wp-block-column is-layout-flow wp-block-column-is-layout-flow\">\n<figure class=\"wp-block-image size-full\"><img alt=\"\" loading=\"lazy\" decoding=\"async\" width=\"608\" height=\"342\" src=\"https:\/\/www.asso-unil.ch\/cineclub\/files\/2024\/08\/classeoperata.jpg\" alt=\"\" class=\"wp-image-2309\" srcset=\"https:\/\/www.asso-unil.ch\/cineclub\/files\/2024\/08\/classeoperata.jpg 608w, https:\/\/www.asso-unil.ch\/cineclub\/files\/2024\/08\/classeoperata-300x169.jpg 300w\" sizes=\"auto, (max-width: 608px) 100vw, 608px\" \/><\/figure>\n<\/div>\n\n\n\n<div class=\"wp-block-column is-layout-flow wp-block-column-is-layout-flow\">\n<p style=\"font-size:15px\"><strong>Lundi 11 novembre 2024<br>Le Nucleo (salle de spectacle du Vortex)<\/strong><br>Ap\u00e9ritif: 18h30 | Projection: 19h<br>Gratuit et ouvert \u00e0 tous\u00b7texs<\/p>\n\n\n\n<hr class=\"wp-block-separator has-alpha-channel-opacity is-style-wide\" \/>\n\n\n\n<p style=\"font-size:15px\"><strong><em>La classa operaia va in paradiso <\/em><br><\/strong>R\u00e9alis\u00e9 par Elio Petri<br>Avec Gian Maria Volont\u00e9, Mariangela Melato<\/p>\n\n\n\n<p style=\"font-size:15px\"><br>Italie \/ 1971 \/ 115&Prime; \/ v.o. s-t fr.<\/p>\n\n\n\n<p>Lulu est ouvrier dans une usine et, \u00e0 cause des conditions et du rythme de travail, il perd un jour un doigt. Les patrons voient que ses comp\u00e9tences diminuent et commencent \u00e0 se plaindre. Encore plus en crise, Lulu se range du c\u00f4t\u00e9 de ceux qui veulent faire gr\u00e8ve et changer ces conditions barbares.<\/p>\n\n\n\n<p>Elio Petri a toujours \u00e9t\u00e9 un r\u00e9alisateur proche du peuple et avec ce film, il d\u00e9nonce une fois de plus le pouvoir, en montrant comment toute une cat\u00e9gorie de travailleurs est en fait esclave. L&rsquo;ali\u00e9nation du travailleur par la machine, mais caus\u00e9e par l&rsquo;\u00eatre humain qui en tire\u00a0les\u00a0ficelles.<\/p>\n<\/div>\n<\/div>\n\n\n\n<figure class=\"wp-block-embed is-type-video is-provider-youtube wp-block-embed-youtube wp-embed-aspect-16-9 wp-has-aspect-ratio\"><div class=\"wp-block-embed__wrapper\">\n<iframe loading=\"lazy\" title=\"La classe operaia va in paradiso - Trailer\" width=\"735\" height=\"413\" src=\"https:\/\/www.youtube.com\/embed\/3x8CDE3FHpE?feature=oembed\" frameborder=\"0\" allow=\"accelerometer; autoplay; clipboard-write; encrypted-media; gyroscope; picture-in-picture; web-share\" referrerpolicy=\"strict-origin-when-cross-origin\" allowfullscreen><\/iframe>\n<\/div><\/figure>\n","protected":false},"excerpt":{"rendered":"<p><b>Lundi 11 novembre 2024<\/b> | Pour la quatri\u00e8me projection du cycle d&rsquo;automne 2024, d\u00e9couvrez une pi\u00e8ce maitresse du cin\u00e9ma ouvrier italien<\/p>\n","protected":false},"author":1001269,"featured_media":2309,"comment_status":"closed","ping_status":"closed","sticky":false,"template":"","format":"standard","meta":{"_seopress_robots_primary_cat":"","_seopress_titles_title":"","_seopress_titles_desc":"","_seopress_robots_index":"","footnotes":""},"categories":[3,1,129],"tags":[],"class_list":{"0":"post-2336","1":"post","2":"type-post","3":"status-publish","4":"format-standard","5":"has-post-thumbnail","7":"category-evenements-passes","8":"category-uncategorized","9":"category-campus"},"_links":{"self":[{"href":"https:\/\/www.asso-unil.ch\/cineclub\/wp-json\/wp\/v2\/posts\/2336","targetHints":{"allow":["GET"]}}],"collection":[{"href":"https:\/\/www.asso-unil.ch\/cineclub\/wp-json\/wp\/v2\/posts"}],"about":[{"href":"https:\/\/www.asso-unil.ch\/cineclub\/wp-json\/wp\/v2\/types\/post"}],"author":[{"embeddable":true,"href":"https:\/\/www.asso-unil.ch\/cineclub\/wp-json\/wp\/v2\/users\/1001269"}],"replies":[{"embeddable":true,"href":"https:\/\/www.asso-unil.ch\/cineclub\/wp-json\/wp\/v2\/comments?post=2336"}],"version-history":[{"count":2,"href":"https:\/\/www.asso-unil.ch\/cineclub\/wp-json\/wp\/v2\/posts\/2336\/revisions"}],"predecessor-version":[{"id":2354,"href":"https:\/\/www.asso-unil.ch\/cineclub\/wp-json\/wp\/v2\/posts\/2336\/revisions\/2354"}],"wp:featuredmedia":[{"embeddable":true,"href":"https:\/\/www.asso-unil.ch\/cineclub\/wp-json\/wp\/v2\/media\/2309"}],"wp:attachment":[{"href":"https:\/\/www.asso-unil.ch\/cineclub\/wp-json\/wp\/v2\/media?parent=2336"}],"wp:term":[{"taxonomy":"category","embeddable":true,"href":"https:\/\/www.asso-unil.ch\/cineclub\/wp-json\/wp\/v2\/categories?post=2336"},{"taxonomy":"post_tag","embeddable":true,"href":"https:\/\/www.asso-unil.ch\/cineclub\/wp-json\/wp\/v2\/tags?post=2336"}],"curies":[{"name":"wp","href":"https:\/\/api.w.org\/{rel}","templated":true}]}}