{"id":2330,"date":"2024-09-01T03:52:00","date_gmt":"2024-09-01T01:52:00","guid":{"rendered":"https:\/\/www.asso-unil.ch\/cineclub\/?p=2330"},"modified":"2024-11-04T10:54:17","modified_gmt":"2024-11-04T09:54:17","slug":"one-cut-of-the-dead-projection-au-vortex","status":"publish","type":"post","link":"https:\/\/www.asso-unil.ch\/cineclub\/2024\/09\/one-cut-of-the-dead-projection-au-vortex\/","title":{"rendered":"\u00ab\u00a0One cut of the Dead\u00a0\u00bb  (projection au Vortex)"},"content":{"rendered":"\n<p class=\"wp-embed-aspect-16-9 wp-has-aspect-ratio\">Cet automne, le Cin\u00e9-club propose de visionner six films consacr\u00e9s au travail et ses divers repr\u00e9sentations avec le cycle \u00c0 l&rsquo;\u0152uvre . De l&rsquo;univers du bureau aux luttes ouvri\u00e8res, en passant par des r\u00e9cits de r\u00e9sistance ou de cr\u00e9ation artistique, ces six films de genres et d&rsquo;\u00e9poques vari\u00e9s vous feront d\u00e9couvrir les multiples visages du labeur humain. Que ce soit \u00e0 travers le prisme de l&rsquo;humour, du drame ou du fantastique, ce cycle promet de transformer vos lundis soir en une r\u00e9flexion cin\u00e9matographique sur ce que signifie vraiment \u00eatre \u00e0 l&rsquo;\u0153uvre.<\/p>\n\n\n\n<div class=\"wp-block-columns wp-embed-aspect-16-9 wp-has-aspect-ratio is-layout-flex wp-container-core-columns-is-layout-9d6595d7 wp-block-columns-is-layout-flex\">\n<div class=\"wp-block-column is-layout-flow wp-block-column-is-layout-flow\">\n<figure class=\"wp-block-image size-full\"><img alt=\"\" loading=\"lazy\" decoding=\"async\" width=\"453\" height=\"255\" src=\"https:\/\/www.asso-unil.ch\/cineclub\/files\/2024\/08\/onecut.jpg\" alt=\"\" class=\"wp-image-2308\" srcset=\"https:\/\/www.asso-unil.ch\/cineclub\/files\/2024\/08\/onecut.jpg 453w, https:\/\/www.asso-unil.ch\/cineclub\/files\/2024\/08\/onecut-300x169.jpg 300w\" sizes=\"auto, (max-width: 453px) 100vw, 453px\" \/><\/figure>\n<\/div>\n\n\n\n<div class=\"wp-block-column is-layout-flow wp-block-column-is-layout-flow\">\n<p style=\"font-size:15px\"><strong>Lundi 28 octobre 2024<br>Le Nucleo (salle de spectacle du Vortex)<\/strong><br>Ap\u00e9ritif: 18h30 | Projection: 19h<br>Gratuit et ouvert \u00e0 tous\u00b7texs<\/p>\n\n\n\n<hr class=\"wp-block-separator has-alpha-channel-opacity is-style-wide\" \/>\n\n\n\n<p style=\"font-size:15px\"><strong><em>One<\/em> cut of the dead<\/strong> (<em>Kamera o tomeru na!<\/em>)<\/p>\n\n\n\n<p style=\"font-size:15px\"><strong><br><\/strong>R\u00e9alis\u00e9 par Shin&rsquo;ichir\u00f4 Ueda<br>AvecTakayuki Hamatsu, Yuzuki Akiyama, Harumi Shuhama<\/p>\n\n\n\n<p style=\"font-size:15px\"><br>Japon \/ 2017 \/ 96&Prime; \/ v.o. s-t fr.<\/p>\n\n\n\n<p>Dans une usine d\u00e9saffect\u00e9e, une \u00e9quipe de tournage s\u2019acharne pour donner vie \u00e0 une film d\u2019horreur \u00e0 petit budget. Mais lors d\u2019une pause bien m\u00e9rit\u00e9e, d\u2019authentiques morts-vivants prennent d\u2019assaut le lieu de tournage, plongeant l\u2019\u00e9quipe dans un cauchemar avant un revirement plus qu\u2019inattendu.&nbsp;<\/p>\n\n\n\n<p><em>One Cut of the Dead<\/em>, de Shin&rsquo;ichir\u00f4 Ueda, est une ode au cin\u00e9ma et au travail d\u2019\u00e9quipe. Mais est-ce seulement cela&nbsp;? Sorti en 2017, ce film rec\u00e8le un secret bien enfoui, proposant une exp\u00e9rience \u00e9trange, unique, mais aussi charmante, d\u00e9voilant tout ce qui se cache hors du cadre de la cam\u00e9ra.&nbsp;<\/p>\n<\/div>\n<\/div>\n\n\n\n<figure class=\"wp-block-embed is-type-video is-provider-youtube wp-block-embed-youtube wp-embed-aspect-16-9 wp-has-aspect-ratio\"><div class=\"wp-block-embed__wrapper\">\n<iframe loading=\"lazy\" title=\"One Cut of the Dead - Official Trailer [HD] | A Shudder Exclusive\" width=\"735\" height=\"413\" src=\"https:\/\/www.youtube.com\/embed\/4wBImbHqhFk?feature=oembed\" frameborder=\"0\" allow=\"accelerometer; autoplay; clipboard-write; encrypted-media; gyroscope; picture-in-picture; web-share\" referrerpolicy=\"strict-origin-when-cross-origin\" allowfullscreen><\/iframe>\n<\/div><\/figure>\n","protected":false},"excerpt":{"rendered":"<p><b>Lundi 28 octobre 2024<\/b> | Pour le troisi\u00e8me film du cycle \u00e0 l&rsquo;oeuvre, venez d\u00e9couvrir le travail d&rsquo;une \u00e9quipe de tournage qui vire au cauchemar <\/p>\n","protected":false},"author":1001269,"featured_media":2308,"comment_status":"closed","ping_status":"closed","sticky":false,"template":"","format":"standard","meta":{"_seopress_robots_primary_cat":"","_seopress_titles_title":"","_seopress_titles_desc":"","_seopress_robots_index":"","footnotes":""},"categories":[3,1,129],"tags":[],"class_list":{"0":"post-2330","1":"post","2":"type-post","3":"status-publish","4":"format-standard","5":"has-post-thumbnail","7":"category-evenements-passes","8":"category-uncategorized","9":"category-campus"},"_links":{"self":[{"href":"https:\/\/www.asso-unil.ch\/cineclub\/wp-json\/wp\/v2\/posts\/2330","targetHints":{"allow":["GET"]}}],"collection":[{"href":"https:\/\/www.asso-unil.ch\/cineclub\/wp-json\/wp\/v2\/posts"}],"about":[{"href":"https:\/\/www.asso-unil.ch\/cineclub\/wp-json\/wp\/v2\/types\/post"}],"author":[{"embeddable":true,"href":"https:\/\/www.asso-unil.ch\/cineclub\/wp-json\/wp\/v2\/users\/1001269"}],"replies":[{"embeddable":true,"href":"https:\/\/www.asso-unil.ch\/cineclub\/wp-json\/wp\/v2\/comments?post=2330"}],"version-history":[{"count":3,"href":"https:\/\/www.asso-unil.ch\/cineclub\/wp-json\/wp\/v2\/posts\/2330\/revisions"}],"predecessor-version":[{"id":2337,"href":"https:\/\/www.asso-unil.ch\/cineclub\/wp-json\/wp\/v2\/posts\/2330\/revisions\/2337"}],"wp:featuredmedia":[{"embeddable":true,"href":"https:\/\/www.asso-unil.ch\/cineclub\/wp-json\/wp\/v2\/media\/2308"}],"wp:attachment":[{"href":"https:\/\/www.asso-unil.ch\/cineclub\/wp-json\/wp\/v2\/media?parent=2330"}],"wp:term":[{"taxonomy":"category","embeddable":true,"href":"https:\/\/www.asso-unil.ch\/cineclub\/wp-json\/wp\/v2\/categories?post=2330"},{"taxonomy":"post_tag","embeddable":true,"href":"https:\/\/www.asso-unil.ch\/cineclub\/wp-json\/wp\/v2\/tags?post=2330"}],"curies":[{"name":"wp","href":"https:\/\/api.w.org\/{rel}","templated":true}]}}