{"id":226,"date":"2020-07-15T02:06:00","date_gmt":"2020-07-15T00:06:00","guid":{"rendered":"https:\/\/www.asso-unil.ch\/cineclub\/?p=226"},"modified":"2023-03-28T01:19:17","modified_gmt":"2023-03-27T23:19:17","slug":"the-young-pope","status":"publish","type":"post","link":"https:\/\/www.asso-unil.ch\/cineclub\/2020\/07\/the-young-pope\/","title":{"rendered":"Une s\u00e9rie pour l\u2019\u00e9t\u00e9 : \u00ab The Young Pope \u00bb"},"content":{"rendered":"\n<figure class=\"wp-block-image size-large\"><img alt=\"\" loading=\"lazy\" decoding=\"async\" width=\"1138\" height=\"639\" src=\"https:\/\/www.asso-unil.ch\/cineclub\/files\/2021\/10\/Capture-du2019e\u0301cran-2020-06-27-a\u0300-01.52.59-1280x640-1-edited.png\" alt=\"\" class=\"wp-image-711\" srcset=\"https:\/\/www.asso-unil.ch\/cineclub\/files\/2021\/10\/Capture-du2019e\u0301cran-2020-06-27-a\u0300-01.52.59-1280x640-1-edited.png 1138w, https:\/\/www.asso-unil.ch\/cineclub\/files\/2021\/10\/Capture-du2019e\u0301cran-2020-06-27-a\u0300-01.52.59-1280x640-1-edited-300x168.png 300w, https:\/\/www.asso-unil.ch\/cineclub\/files\/2021\/10\/Capture-du2019e\u0301cran-2020-06-27-a\u0300-01.52.59-1280x640-1-edited-1024x575.png 1024w, https:\/\/www.asso-unil.ch\/cineclub\/files\/2021\/10\/Capture-du2019e\u0301cran-2020-06-27-a\u0300-01.52.59-1280x640-1-edited-768x431.png 768w\" sizes=\"auto, (max-width: 1138px) 100vw, 1138px\" \/><figcaption class=\"wp-element-caption\">Jude Law dans <em>The Young Pope<\/em> (Paolo Sorrentino, 2016).<\/figcaption><\/figure>\n\n\n\n<p><em><strong>The Young Pope<\/strong><\/em><br>De Paolo Sorrentino. Avec Jude Law, Diane Keaton, Silvio Orlando<br>Italie, France, \u00c9tats-Unis, 2016, 10 \u00e9pisodes, 55 min.<\/p>\n\n\n\n<p><strong>Synopsis :<\/strong> L\u2019\u00e9lection du pape Pie&nbsp;XIII (Jude Law), premier am\u00e9ricain \u00e0 exercer cette fonction, vient bouleverser les habitudes de la cit\u00e9 du Vatican qui voit sa politique et ses doctrines compl\u00e8tement chang\u00e9es.<\/p>\n\n\n\n<p>Rien de mieux, cet \u00e9t\u00e9, que de finalement se laisser tenter par la s\u00e9rie qui vous trotte depuis longtemps dans un coin de la t\u00eate n\u2019attendant que le meilleur moment pour surgir. Comment r\u00e9sister alors \u00e0 l\u2019appel des jardins du Vatican et des palais de marbre qui abritent un monde surprenant et jubilatoire (oui oui\u2009!).<\/p>\n\n\n\n<p>Car s\u2019il n\u2019est pas \u00e9vident d\u2019entrer dans l\u2019univers c\u00e9r\u00e9monieux et \u00e9crasant du Vatican tant les codes de cette vielle institution peuvent sembler obscures, c\u2019est tout de m\u00eame avec grande curiosit\u00e9 que l\u2019on suit les premiers pas du jeune pape, Pie&nbsp;XIII dans l\u2019occupation de ses nouvelles fonctions. Il est vrai que le personnage incarn\u00e9 par Jude Law \u2013 \u00e0 l\u2019instar de ses partenaires, comme la remarquable Diane Keaton \u2013 exerce un pouvoir de fascination sans pour autant se laisser facilement appr\u00e9hender.<\/p>\n\n\n\n<p>Le grand int\u00e9r\u00eat de cette s\u00e9rie porte, selon moi, sur l\u2019ambigu\u00eft\u00e9 des personnages qui au fil des \u00e9pisodes \u2013 et c\u2019est le cas principalement pour sa figure centrale \u2013 apparait dans le d\u00e9veloppement des diff\u00e9rentes facettes de leur identit\u00e9. C\u2019est donc au travers du prisme du doute, des relations cl\u00e9ricales ou amoureuses, de la politique que l\u2019on s\u2019attache puis que l\u2019on d\u00e9teste ces personnages qui refl\u00e8tent nos propres contradictions. Car en infiltrant le quotidien de la Colline du Vatican, cet univers aux d\u00e9cors contrast\u00e9 qui m\u00eale marbre et verdure, les personnages n\u2019en deviennent que plus familiers et attachants. Comment faut-il r\u00e9agir alors lorsque notre pontife favori se mue dans des id\u00e9es profond\u00e9ment conservatrices (voire obscurantistes) et que l\u2019on ne peut s\u2019emp\u00eacher de lui pr\u00e9f\u00e9rer son adjuvant politicien certes plus progressiste, mais assoiff\u00e9 de pouvoir\u2009? En r\u00e9alit\u00e9, c\u2019est le syst\u00e8me factice et hypocrite dans son enti\u00e8ret\u00e9 qui est d\u00e9cri\u00e9 et c\u2019est au travers du bouleversement des codes par un personnage fondamentalement ambivalent et par les audaces formelles et esth\u00e9tiques de la r\u00e9alisation que le pouvoir d\u00e9nonciateur s\u2019op\u00e8re. En effet, les images et les sons ruissellent de ce go\u00fbt de la provocation qui laisse un sentiment jouissif sur la langue. La figure sacr\u00e9e du pape est mise \u00e0 nu sur un air de LMFAO. Oui, Pie XIII sait qu\u2019il est sexy et il en joue\u2009! Et \u00e7a ne peut \u00eatre qu\u2019avec surprise que l\u2019on d\u00e9couvre quelques instants plus tard, un personnage grave et intransigeant qui \u00e9met un discours d\u2019une effroyable intol\u00e9rance.<\/p>\n\n\n\n<p>Cet humour de la rupture ponctue la s\u00e9rie rythm\u00e9e par des s\u00e9quences plut\u00f4t lentes appuy\u00e9es par l\u2019intensit\u00e9 des gros plans et d\u2019autres, rapides, qui par touches et associations fondent le d\u00e9sir de questionnement et de r\u00e9flexion bienvenu. Certes, on pourra d\u00e9celer parfois quelques facilit\u00e9s de traits et poncifs, mais tout ceci rendant d\u2019autant plus absurde et comique l\u2019univers dans lequel les personnages \u00e9voluent.<\/p>\n\n\n\n<p><strong>Alice Fuchs<\/strong> (15\/07\/2020)<\/p>\n","protected":false},"excerpt":{"rendered":"<p>Rien de mieux, cet \u00e9t\u00e9, que de se laisser tenter par la s\u00e9rie qui vous trotte en t\u00eate depuis longtemps. Aujourd\u2019hui, nous revenons sur la s\u00e9rie de Paolo Sorrentino, \u201cThe Young Pope\u201d.<\/p>\n","protected":false},"author":1001230,"featured_media":711,"comment_status":"closed","ping_status":"closed","sticky":false,"template":"","format":"standard","meta":{"_seopress_robots_primary_cat":"","_seopress_titles_title":"","_seopress_titles_desc":"","_seopress_robots_index":"","footnotes":""},"categories":[4,16],"tags":[],"class_list":{"0":"post-226","1":"post","2":"type-post","3":"status-publish","4":"format-standard","5":"has-post-thumbnail","7":"category-articles","8":"category-critiques"},"_links":{"self":[{"href":"https:\/\/www.asso-unil.ch\/cineclub\/wp-json\/wp\/v2\/posts\/226","targetHints":{"allow":["GET"]}}],"collection":[{"href":"https:\/\/www.asso-unil.ch\/cineclub\/wp-json\/wp\/v2\/posts"}],"about":[{"href":"https:\/\/www.asso-unil.ch\/cineclub\/wp-json\/wp\/v2\/types\/post"}],"author":[{"embeddable":true,"href":"https:\/\/www.asso-unil.ch\/cineclub\/wp-json\/wp\/v2\/users\/1001230"}],"replies":[{"embeddable":true,"href":"https:\/\/www.asso-unil.ch\/cineclub\/wp-json\/wp\/v2\/comments?post=226"}],"version-history":[{"count":0,"href":"https:\/\/www.asso-unil.ch\/cineclub\/wp-json\/wp\/v2\/posts\/226\/revisions"}],"wp:featuredmedia":[{"embeddable":true,"href":"https:\/\/www.asso-unil.ch\/cineclub\/wp-json\/wp\/v2\/media\/711"}],"wp:attachment":[{"href":"https:\/\/www.asso-unil.ch\/cineclub\/wp-json\/wp\/v2\/media?parent=226"}],"wp:term":[{"taxonomy":"category","embeddable":true,"href":"https:\/\/www.asso-unil.ch\/cineclub\/wp-json\/wp\/v2\/categories?post=226"},{"taxonomy":"post_tag","embeddable":true,"href":"https:\/\/www.asso-unil.ch\/cineclub\/wp-json\/wp\/v2\/tags?post=226"}],"curies":[{"name":"wp","href":"https:\/\/api.w.org\/{rel}","templated":true}]}}