{"id":1737,"date":"2023-02-15T04:00:44","date_gmt":"2023-02-15T03:00:44","guid":{"rendered":"https:\/\/www.asso-unil.ch\/cineclub\/?p=1737"},"modified":"2023-04-20T16:08:28","modified_gmt":"2023-04-20T14:08:28","slug":"tokyo-godfathers-projection","status":"publish","type":"post","link":"https:\/\/www.asso-unil.ch\/cineclub\/2023\/02\/tokyo-godfathers-projection\/","title":{"rendered":"\u00ab\u00a0Tokyo Godfathers\u00a0\u00bb &#8211; Projection au Vortex"},"content":{"rendered":"\n<p>Ce printemps, le Cin\u00e9-club et ArtePoly vous entra\u00eenent \u00e0 la d\u00e9couverte de parcours de vie dans un <a rel=\"noreferrer noopener\" href=\"https:\/\/www.asso-unil.ch\/cineclub\/2023\/02\/en-quete-de-soi\/\" target=\"_blank\">cycle de projections <\/a>qui a \u00e0 c\u0153ur de se plonger dans les \u00e9preuves, les doutes et les espoirs d\u2019une humanit\u00e9 en perp\u00e9tuelle qu\u00eate de soi. Troisi\u00e8me film de la s\u00e9lection, <em>Tokyo Godfathers<\/em>, com\u00e9die dramatique entre surprise et \u00e9motion de Satoshi Kon, suit l\u2019aventure de trois antih\u00e9ros qui au fil de la course face \u00e0 leur destin incertain, reviennent sur leur pass\u00e9 respectif.<\/p>\n\n\n\n<div class=\"wp-block-columns is-layout-flex wp-container-core-columns-is-layout-9d6595d7 wp-block-columns-is-layout-flex\">\n<div class=\"wp-block-column is-layout-flow wp-block-column-is-layout-flow\">\n<figure class=\"wp-block-image size-large\"><img alt=\"\" loading=\"lazy\" decoding=\"async\" width=\"1024\" height=\"576\" src=\"https:\/\/www.asso-unil.ch\/cineclub\/files\/2023\/02\/Tokyo-Godfathers-16x9-1-1024x576.jpg\" alt=\"\" class=\"wp-image-1714\" srcset=\"https:\/\/www.asso-unil.ch\/cineclub\/files\/2023\/02\/Tokyo-Godfathers-16x9-1-1024x576.jpg 1024w, https:\/\/www.asso-unil.ch\/cineclub\/files\/2023\/02\/Tokyo-Godfathers-16x9-1-300x169.jpg 300w, https:\/\/www.asso-unil.ch\/cineclub\/files\/2023\/02\/Tokyo-Godfathers-16x9-1-768x432.jpg 768w, https:\/\/www.asso-unil.ch\/cineclub\/files\/2023\/02\/Tokyo-Godfathers-16x9-1-1536x864.jpg 1536w, https:\/\/www.asso-unil.ch\/cineclub\/files\/2023\/02\/Tokyo-Godfathers-16x9-1.jpg 1920w\" sizes=\"auto, (max-width: 1024px) 100vw, 1024px\" \/><\/figure>\n<\/div>\n\n\n\n<div class=\"wp-block-column is-layout-flow wp-block-column-is-layout-flow\">\n<p style=\"font-size:15px\"><strong>Lundi 27 mars 2023<br>Le Nucleo (salle de spectacle du Vortex)<\/strong><br>Ap\u00e9ritif: 18h30 | Projection: 19h<br>Gratuit et ouvert \u00e0 tous\u00b7texs<\/p>\n\n\n\n<hr class=\"wp-block-separator has-alpha-channel-opacity is-style-wide\" \/>\n\n\n\n<p style=\"font-size:15px\"><strong>TOKYO GODFATHERS <\/strong><em>(T\u00f4ky\u00f4 goddof\u00e2z\u00e2zu)<\/em><br>R\u00e9alis\u00e9 par Satoshi Kon, avec (voix) T\u00f4ru Emori, Yoshiaki Umegaki, Aya Okamoto<br>Japon \/ 2003 \/ 1h32 \/ v.o. s-t fr.<\/p>\n\n\n\n<p style=\"font-size:15px\">La veille de No\u00ebl, trois sans-abris de Tokyo d\u00e9couvrent un nourrisson au milieu des poubelles. Les trois protagonistes vont alors se lancer dans une enqu\u00eate pour retrouver les parents du b\u00e9b\u00e9, mais celle-ci se r\u00e9v\u00e8lera bien plus compliqu\u00e9e et charg\u00e9e d\u2019\u00e9motions que ce qu\u2019iels auraient pu l\u2019imaginer.<\/p>\n\n\n\n<p style=\"font-size:15px\">Chef d\u2019\u0153uvre de l\u2019animation japonaise, <em>Tokyo Godfathers<\/em>, en mettant en avant trois personnages vivants en marge de la soci\u00e9t\u00e9, fait autant rire qu\u2019il fait pleurer. Par leurs histoires complexes, ces trois parias sauront toucher les spectateur\u00b7rices qui se prendront rapidement d\u2019affection pour elleux.<\/p>\n<\/div>\n<\/div>\n\n\n\n<figure class=\"wp-block-embed is-type-video is-provider-youtube wp-block-embed-youtube wp-embed-aspect-16-9 wp-has-aspect-ratio\"><div class=\"wp-block-embed__wrapper\">\n<iframe loading=\"lazy\" title=\"Tokyo Godfathers (Satoshi Kon, 2003) - Bande-annonce\" width=\"735\" height=\"413\" src=\"https:\/\/www.youtube.com\/embed\/aWcRvzCRtsk?feature=oembed\" frameborder=\"0\" allow=\"accelerometer; autoplay; clipboard-write; encrypted-media; gyroscope; picture-in-picture; web-share\" allowfullscreen><\/iframe>\n<\/div><\/figure>\n","protected":false},"excerpt":{"rendered":"<p><b>27 mars 2023<\/b> | Troisi\u00e8me film du cycle En qu\u00eate de soi, la com\u00e9die dramatique entre surprise et \u00e9motion de Satoshi Kon suit l\u2019aventure de trois antih\u00e9ros qui au fil de la course face \u00e0 leur destin incertain, reviennent sur leur pass\u00e9 respectif. <\/p>\n","protected":false},"author":6,"featured_media":1714,"comment_status":"closed","ping_status":"closed","sticky":false,"template":"","format":"standard","meta":{"_seopress_robots_primary_cat":"","_seopress_titles_title":"","_seopress_titles_desc":"","_seopress_robots_index":"","footnotes":""},"categories":[3],"tags":[],"class_list":{"0":"post-1737","1":"post","2":"type-post","3":"status-publish","4":"format-standard","5":"has-post-thumbnail","7":"category-evenements-passes"},"_links":{"self":[{"href":"https:\/\/www.asso-unil.ch\/cineclub\/wp-json\/wp\/v2\/posts\/1737","targetHints":{"allow":["GET"]}}],"collection":[{"href":"https:\/\/www.asso-unil.ch\/cineclub\/wp-json\/wp\/v2\/posts"}],"about":[{"href":"https:\/\/www.asso-unil.ch\/cineclub\/wp-json\/wp\/v2\/types\/post"}],"author":[{"embeddable":true,"href":"https:\/\/www.asso-unil.ch\/cineclub\/wp-json\/wp\/v2\/users\/6"}],"replies":[{"embeddable":true,"href":"https:\/\/www.asso-unil.ch\/cineclub\/wp-json\/wp\/v2\/comments?post=1737"}],"version-history":[{"count":0,"href":"https:\/\/www.asso-unil.ch\/cineclub\/wp-json\/wp\/v2\/posts\/1737\/revisions"}],"wp:featuredmedia":[{"embeddable":true,"href":"https:\/\/www.asso-unil.ch\/cineclub\/wp-json\/wp\/v2\/media\/1714"}],"wp:attachment":[{"href":"https:\/\/www.asso-unil.ch\/cineclub\/wp-json\/wp\/v2\/media?parent=1737"}],"wp:term":[{"taxonomy":"category","embeddable":true,"href":"https:\/\/www.asso-unil.ch\/cineclub\/wp-json\/wp\/v2\/categories?post=1737"},{"taxonomy":"post_tag","embeddable":true,"href":"https:\/\/www.asso-unil.ch\/cineclub\/wp-json\/wp\/v2\/tags?post=1737"}],"curies":[{"name":"wp","href":"https:\/\/api.w.org\/{rel}","templated":true}]}}