{"id":5620,"date":"2021-12-12T16:33:46","date_gmt":"2021-12-12T15:33:46","guid":{"rendered":"https:\/\/www.asso-unil.ch\/caverne\/?p=5620"},"modified":"2021-12-12T16:33:47","modified_gmt":"2021-12-12T15:33:47","slug":"bilan-et-actualites-2021","status":"publish","type":"post","link":"https:\/\/www.asso-unil.ch\/caverne\/2021\/12\/bilan-et-actualites-2021\/","title":{"rendered":"Bilan et actualit\u00e9s 2021"},"content":{"rendered":"\n<p>Au semestre de printemps 2021, plusieurs travaux d\u2019\u00e9tudiantxes de l\u2019Universit\u00e9 ont \u00e9t\u00e9 mis en ligne sur la version virtuelle du Festival Histoire et Cit\u00e9.<\/p>\n\n\n\n<p>D\u00e8s que c\u2019\u00e9tait \u00e0 nouveau possible, au mois de mai 2021, nous avons organis\u00e9 un atelier de th\u00e9\u00e2tre du corps sur le campus de l\u2019universit\u00e9 donn\u00e9 par deux com\u00e9dienxnes de l\u2019Acad\u00e9mie Dimitri (Tessin). Les \u00e9tudiantxes qui y ont particip\u00e9 ont pu exp\u00e9rimenter cette approche th\u00e9\u00e2trale o\u00f9 l&rsquo;inertie corporelle dans l\u2019espace sc\u00e9nique se substitue au texte et devient l\u2019instrument principal de la dramaturgie.<\/p>\n\n\n\n<p>Durant le mois de juin, les Myst\u00e8res de l\u2019Unil \u2014 \u00e9v\u00e9nement permettant habituellement aux \u00e9coliers et \u00e9coli\u00e8res vaudoisxes de venir d\u00e9couvrir le monde universitaire \u2014 n\u2019a de nouveau pas pu se tenir sur le campus. Pourtant il n\u2019\u00e9tait pas annul\u00e9 comme en 2020, mais nous avons tir\u00e9 profit de la nouvelle ouverture pour mettre en place un jeu de r\u00f4le bas\u00e9 sur le mythe d\u2019Er de Platon qu\u2019une \u00e9quipe d\u2019animation \u2013 que nous avons pr\u00e9alablement form\u00e9e \u2013 a offert dans une dizaine de classes vaudoises. L\u2019\u00e9v\u00e9nement fut un tel succ\u00e8s que nous sommes en discussion pour pouvoir le p\u00e9renniser. Nous sommes actuellement en train de l\u2019adapter pour les Myst\u00e8res de l\u2019Unil 2022 qui se tiendront, a priori, dans les b\u00e2timents de l\u2019Universit\u00e9.<\/p>\n\n\n\n<p>Nous avons accompagn\u00e9 et soutenu la r\u00e9alisation de la com\u00e9die musicale \u00ab Jehanne, Op\u00e9ra de Ch\u00e2teau \u00bb, co-\u00e9crite par des \u00e9tudiantxes de la fili\u00e8re de fran\u00e7ais m\u00e9di\u00e9val et des professionnels du monde du spectacle dans le cadre du s\u00e9minaire \u00ab Le Moyen \u00c2ge aujourd\u2019hui \u00bb de la Professeure Estelle Doudet (automne 2020). Le public a eu le plaisir de d\u00e9couvrir cette nouvelle interpr\u00e9tation de la Pucelle d\u2019Orl\u00e9ans dans l\u2019enceinte m\u00eame du ch\u00e2teau f\u00e9odal de la Cit\u00e9 d\u2019Othon.<\/p>\n\n\n\n<p>Actuellement, nous proposons un atelier de mise en sc\u00e8ne du dialogue platonicien Euthyphron sous la direction de l\u2019acteur et metteur en sc\u00e8ne Giampaolo Gotti, professeur \u00e0 l\u2019Accad\u00e9mia Dimitri. Les \u00e9tudiantxes qui participent \u00e0 cet atelier finalisent leur projet avec les \u00e9tudiantxes de l\u2019Accademia lors d\u2019un voyage d\u2019\u00e9tudes pour d\u00e9couvrir cette institution. Les mises en sc\u00e8nes finales seront pr\u00e9sent\u00e9es lors du colloque scientifique international \u00ab Le rire de Platon \u00bb qui se tiendra \u00e0 Verscio les vendredi 17 et samedi 18 d\u00e9cembre 2021 ainsi qu\u2019au mois de mai 2022 dans le contexte du festival F\u00e9cule de l\u2019Unil et de l\u2019EPFL et de l\u2019\u00e9v\u00e9nement national PhiloExpo22. Ce projet nous a permis d\u2019entrer en collaboration avec la troupe de th\u00e9\u00e2tre universitaire TALMA qui a pour particularit\u00e9 de proposer des traductions et mises en sc\u00e8nes novatrices d\u2019\u0153uvres de la Gr\u00e8ce antique. Cette ann\u00e9e, des \u00e9tudiantxes interpr\u00e8teront le Socrate d\u2019Aristophane dans le Cabaret Socrate et joueront dans la pi\u00e8ce Comic Circus!, les deux pr\u00e9sent\u00e9es \u00e9galement au semestre de printemps 2022.<\/p>\n\n\n\n<p>Le support donn\u00e9 aux \u00e9tudianxtes qui pr\u00e9parent des vid\u00e9os dans le s\u00e9minaire sur la r\u00e9gulation de la mondialisation en Sciences Sociales et Politiques est \u00e9galement renouvel\u00e9 et approfondi.<\/p>\n","protected":false},"excerpt":{"rendered":"<p>Malgr\u00e9 la situation sanitaire de l\u2019ann\u00e9e derni\u00e8re, notre association a pu mener \u00e0 bien sa mission d\u2019encadrement, de conseil et de soutien aux projets cr\u00e9atifs.<\/p>\n","protected":false},"author":1001220,"featured_media":0,"comment_status":"closed","ping_status":"open","sticky":false,"template":"","format":"standard","meta":{"_seopress_robots_primary_cat":"","_seopress_titles_title":"","_seopress_titles_desc":"","_seopress_robots_index":"","footnotes":""},"categories":[16],"tags":[],"class_list":["post-5620","post","type-post","status-publish","format-standard","category-news"],"_links":{"self":[{"href":"https:\/\/www.asso-unil.ch\/caverne\/wp-json\/wp\/v2\/posts\/5620","targetHints":{"allow":["GET"]}}],"collection":[{"href":"https:\/\/www.asso-unil.ch\/caverne\/wp-json\/wp\/v2\/posts"}],"about":[{"href":"https:\/\/www.asso-unil.ch\/caverne\/wp-json\/wp\/v2\/types\/post"}],"author":[{"embeddable":true,"href":"https:\/\/www.asso-unil.ch\/caverne\/wp-json\/wp\/v2\/users\/1001220"}],"replies":[{"embeddable":true,"href":"https:\/\/www.asso-unil.ch\/caverne\/wp-json\/wp\/v2\/comments?post=5620"}],"version-history":[{"count":0,"href":"https:\/\/www.asso-unil.ch\/caverne\/wp-json\/wp\/v2\/posts\/5620\/revisions"}],"wp:attachment":[{"href":"https:\/\/www.asso-unil.ch\/caverne\/wp-json\/wp\/v2\/media?parent=5620"}],"wp:term":[{"taxonomy":"category","embeddable":true,"href":"https:\/\/www.asso-unil.ch\/caverne\/wp-json\/wp\/v2\/categories?post=5620"},{"taxonomy":"post_tag","embeddable":true,"href":"https:\/\/www.asso-unil.ch\/caverne\/wp-json\/wp\/v2\/tags?post=5620"}],"curies":[{"name":"wp","href":"https:\/\/api.w.org\/{rel}","templated":true}]}}