{"id":5438,"date":"2020-11-18T13:30:42","date_gmt":"2020-11-18T12:30:42","guid":{"rendered":"https:\/\/www.asso-unil.ch\/caverne\/?p=5438"},"modified":"2020-11-19T10:20:45","modified_gmt":"2020-11-19T09:20:45","slug":"une-rentree-un-peu-speciale-les-assistantes-etudiantes-de-la-caverne-devant-la-camera","status":"publish","type":"post","link":"https:\/\/www.asso-unil.ch\/caverne\/2020\/11\/une-rentree-un-peu-speciale-les-assistantes-etudiantes-de-la-caverne-devant-la-camera\/","title":{"rendered":"Une rentr\u00e9e un peu sp\u00e9ciale.. Les assistantes-\u00e9tudiantes de la Caverne devant la cam\u00e9ra!"},"content":{"rendered":"\n<div class=\"wp-block-image\"><figure class=\"aligncenter size-large\"><img alt=\"\" loading=\"lazy\" decoding=\"async\" width=\"1920\" height=\"1088\" src=\"https:\/\/www.asso-unil.ch\/caverne\/files\/2020\/11\/Capture-de\u0301cran-2020-11-18-a\u0300-13.27.24.png\" alt=\"\" class=\"wp-image-5439\" srcset=\"https:\/\/www.asso-unil.ch\/caverne\/files\/2020\/11\/Capture-de\u0301cran-2020-11-18-a\u0300-13.27.24.png 1920w, https:\/\/www.asso-unil.ch\/caverne\/files\/2020\/11\/Capture-de\u0301cran-2020-11-18-a\u0300-13.27.24-300x170.png 300w, https:\/\/www.asso-unil.ch\/caverne\/files\/2020\/11\/Capture-de\u0301cran-2020-11-18-a\u0300-13.27.24-1536x870.png 1536w\" sizes=\"auto, (max-width: 1920px) 100vw, 1920px\" \/><\/figure><\/div>\n\n\n\n<p>Cette ann\u00e9e, le rentr\u00e9e \u00e9tait un peu sp\u00e9ciale! Le Service Culture et M\u00e9diation scientifique, F\u00e9d\u00e9rond et la FAE se&nbsp;sont r\u00e9unis pour&nbsp;concocter&nbsp;la nouvelle \u00e9dition du&nbsp;<strong>Point.Virgule,.<\/strong> &#8211; cette fois-ci en ligne! Nous y avons particip\u00e9 pour pr\u00e9senter<em> Les Ma\u00eetres de la Caverne<\/em> en quelques secondes! <\/p>\n\n\n\n<p>Vous pouvez visionner la notre vid\u00e9o de pr\u00e9sentation <a href=\"https:\/\/www.youtube.com\/watch?v=qfD4vRkFAAk\">ici<\/a>!<\/p>\n","protected":false},"excerpt":{"rendered":"<p>Cette ann\u00e9e, le rentr\u00e9e \u00e9tait un peu sp\u00e9ciale! Le Service Culture et M\u00e9diation scientifique, F\u00e9d\u00e9rond et la FAE se&nbsp;sont r\u00e9unis pour&nbsp;concocter&nbsp;la nouvelle \u00e9dition du&nbsp;Point.Virgule,. &#8211; cette fois-ci en ligne! Nous [&hellip;]<\/p>\n","protected":false},"author":208,"featured_media":0,"comment_status":"closed","ping_status":"closed","sticky":true,"template":"","format":"standard","meta":{"_seopress_robots_primary_cat":"","_seopress_titles_title":"","_seopress_titles_desc":"","_seopress_robots_index":"","footnotes":""},"categories":[20,16],"tags":[29,28],"class_list":["post-5438","post","type-post","status-publish","format-standard","category-blog","category-news","tag-capsule-video","tag-rentree-2020"],"_links":{"self":[{"href":"https:\/\/www.asso-unil.ch\/caverne\/wp-json\/wp\/v2\/posts\/5438","targetHints":{"allow":["GET"]}}],"collection":[{"href":"https:\/\/www.asso-unil.ch\/caverne\/wp-json\/wp\/v2\/posts"}],"about":[{"href":"https:\/\/www.asso-unil.ch\/caverne\/wp-json\/wp\/v2\/types\/post"}],"author":[{"embeddable":true,"href":"https:\/\/www.asso-unil.ch\/caverne\/wp-json\/wp\/v2\/users\/208"}],"replies":[{"embeddable":true,"href":"https:\/\/www.asso-unil.ch\/caverne\/wp-json\/wp\/v2\/comments?post=5438"}],"version-history":[{"count":0,"href":"https:\/\/www.asso-unil.ch\/caverne\/wp-json\/wp\/v2\/posts\/5438\/revisions"}],"wp:attachment":[{"href":"https:\/\/www.asso-unil.ch\/caverne\/wp-json\/wp\/v2\/media?parent=5438"}],"wp:term":[{"taxonomy":"category","embeddable":true,"href":"https:\/\/www.asso-unil.ch\/caverne\/wp-json\/wp\/v2\/categories?post=5438"},{"taxonomy":"post_tag","embeddable":true,"href":"https:\/\/www.asso-unil.ch\/caverne\/wp-json\/wp\/v2\/tags?post=5438"}],"curies":[{"name":"wp","href":"https:\/\/api.w.org\/{rel}","templated":true}]}}