{"id":4072,"date":"2016-06-14T17:42:49","date_gmt":"2016-06-14T15:42:49","guid":{"rendered":"http:\/\/www.asso-unil.ch\/caverne\/?p=4072"},"modified":"2018-01-23T11:44:08","modified_gmt":"2018-01-23T10:44:08","slug":"colloque-le-penser-de-la-scene-la-recherche-de-lhomme-entier-et-ses-figures-de-la-totalite","status":"publish","type":"post","link":"https:\/\/www.asso-unil.ch\/caverne\/2016\/06\/colloque-le-penser-de-la-scene-la-recherche-de-lhomme-entier-et-ses-figures-de-la-totalite\/","title":{"rendered":"Colloque : Le Penser de la sc\u00e8ne: la recherche de l&rsquo;homme entier et ses figures de la totalit\u00e9"},"content":{"rendered":"<p>Colloque transdisciplinaire du 13 au 15 octobre 2016 organis\u00e9 par Michael Groneberg au Th\u00e9\u00e2tre la Grange de Dorigny.<!--more--> Avec le soutien de:&nbsp; la Section de philosophie, la Facult\u00e9 des Lettres et les Affaires Culturelles de L&rsquo;UniL, Les Ma\u00eetres de la Caverne, la fondation&nbsp;Jean Monnet pour l&rsquo;Europe, la Soci\u00e9t\u00e9 Suisse du Th\u00e9\u00e2tre, la FAE, Prof. Marc Escola, l&rsquo;\u00e9quipe de la Grange: Dominique Hauser, Sylvain Laram\u00e9e et Marika Buffat, et tous les artistes et chercheurs qui participent \u00e0 l&rsquo;\u00e9v\u00e9nement.<\/p>\n<h6>&nbsp;<a href=\"https:\/\/lepenserdelascene.wordpress.com\/\">Le blog du colloque<\/a><\/h6>\n<p>&nbsp;<\/p>\n<p>Pour r\u00e9server vos billets pour le Paradoxe sur le com\u00e9dien (Jeudi) et Socrate, dors-tu ? (samedi), cliquez sur ce bouton:<\/p>\n<p><a href=\"https:\/\/www.weezevent.com\/widget_billeterie.php?id_evenement=189638&amp;lg_billetterie=1&amp;code=22207&amp;width_auto=1&amp;color_primary=00AEEF\"><img decoding=\"async\" class=\"aligncenter\" src=\"https:\/\/www.weezevent.com\/images\/statique\/bt_billetterie_blk.png\" alt=\"Billetterie en ligne\"><\/a><\/p>\n<p>Pour r\u00e9server vos billets pour Qu&rsquo;est-ce que le temps ?, cela se passe sur le <a href=\"https:\/\/wp.unil.ch\/grangededorigny\/programmation-2\/colloque-la-recherche-de-lhomme-entier-et-ses-figures-de-la-totalite\/\">site de la Grange<\/a>.<\/p>\n<hr>\n<h6 style=\"text-align: justify\">Intentions<\/h6>\n<p style=\"text-align: justify\">Le th\u00e9\u00e2tre a souvent \u00e9t\u00e9 pens\u00e9 comme restituant \u00e0 l\u2019homme l\u2019enti\u00e8ret\u00e9 que lui \u00f4tent la vie quotidienne, professionnelle et \u00e9conomique dans lesquelles il est r\u00e9duit \u00e0 une fonction, une activit\u00e9 ali\u00e9nante, un poste. Cette qu\u00eate de la totalit\u00e9, enti\u00e8ret\u00e9 ou universalit\u00e9 de l\u2019homme s\u2019apparente \u00e0 celle poursuivie par l\u2019Universit\u00e9 d\u2019inspiration humboldtienne qui cherche une p\u00e9dagogie visant l\u2019int\u00e9gralit\u00e9 de l\u2019individu, et par une philosophie non-r\u00e9ductrice de l\u2019existence.<\/p>\n<p style=\"text-align: justify\">Ce colloque transdisciplinaire se situera au croisement de la philosophie, des sciences de la sc\u00e8ne et des arts vivants. Il aura pour but de cr\u00e9er un \u00e9change sur les enjeux actuels du th\u00e9\u00e2tre et sur l&rsquo;actualit\u00e9 de cette id\u00e9e de l&rsquo;enti\u00e8ret\u00e9 de l\u2019homme&nbsp;: dans quelle mesure est-elle encore envisag\u00e9e par le th\u00e9\u00e2tre&nbsp;? Par quels moyens&nbsp;? Peut-on encore parler \u00ab&nbsp;d\u2019art total&nbsp;\u00bb et appr\u00e9hender la repr\u00e9sentation comme une communion&nbsp;? &nbsp;Comment l\u2019articuler avec la pratique&nbsp;? En quoi le th\u00e9\u00e2tre poss\u00e8de-t-il un potentiel \u00e9mancipateur qui le distingue d\u2019autres arts comme le cin\u00e9ma&nbsp;? Comment cette enti\u00e8ret\u00e9 se refl\u00e8te-t-elle dans une pens\u00e9e philosophique de l\u2019homme&nbsp;?<\/p>\n<p style=\"text-align: justify\">Ces questions seront abord\u00e9es lors des conf\u00e9rences, exemplifi\u00e9es lors de repr\u00e9sentations th\u00e9\u00e2trales et discut\u00e9es lors d\u2019une table ronde. Elles serviront \u00e0 d\u00e9celer les enjeux, les tendances actuelles et les perspectives dans les domaines de la philosophie, des sciences de la sc\u00e8ne et de la pratique th\u00e9\u00e2trale.<\/p>\n<p style=\"text-align: justify\">C\u2019est afin de tisser un lien \u00e9troit entre th\u00e9orie et pratique, que des repr\u00e9sentations seront int\u00e9gr\u00e9es dans le colloque. Les \u00e9tudiant-e-s auront \u00e9galement l\u2019occasion d\u2019\u00e9changer avec le philosophe et metteur en sc\u00e8ne Denis Gu\u00e9noun, son com\u00e9dien Stanislas Roquette, le metteur en sc\u00e8ne Michel Toman et la compagnie Face public.<\/p>\n<p style=\"text-align: justify\">Le samedi apr\u00e8s-midi, autour d\u2019une table ronde mod\u00e9r\u00e9e par la po\u00e9tesse Sylviane Dupuis, les intervenants auront l\u2019occasion de d\u00e9battre ces questions, de revenir sur les \u00e9tonnements philosophiques que les autres activit\u00e9s auront suscit\u00e9 en eux et d\u2019ouvrir de nouveaux champs de r\u00e9flexion.<\/p>\n<p style=\"text-align: justify\">Le colloque accueillera \u00e9galement la rel\u00e8ve en recherche th\u00e9\u00e2trale qui aura l\u2019occasion de pr\u00e9senter ses travaux en cours et d\u2019entrer en discussion avec les professionnels.<\/p>\n<h6 style=\"text-align: justify\">Au programme<\/h6>\n<p><strong>Jeudi 13 octobre 2016<\/strong><br \/>\n10h30-17h00: Stage* \/ Atelier* au Th\u00e9\u00e2tre la Grange de Dorigny avec les troupes de Denis GUENOUN et Stanislas ROQUETTE ainsi que Michel TOMAN.<\/p>\n<p>* Installations de \u00ab&nbsp;Qu\u2019est-ce que le temps&nbsp;?&nbsp;\u00bb et du \u00ab&nbsp;Paradoxe&nbsp;\u00bb<\/p>\n<p>* Discussions avec artistes et philosophes<\/p>\n<p>17h00-20h00: Ouverture du colloque avec un banquet convivial<\/p>\n<p>18h00 : \u00ab\u00a0Paradoxe sur le com\u00e9dien\u00a0\u00bb de Diderot, mise en sc\u00e8ne Michel TOMAN<br \/>\n<strong>Vendredi 14 octobre 2016<\/strong><br \/>\n09h00-12h00 : Colloque* d&rsquo;\u00e9tudiants pr\u00e9par\u00e9 par les \u00e9tudiants avec Denis GUENOUN (ses oeuvres, ses approches de mise en sc\u00e8ne)<\/p>\n<p>14h00 : Colloque de chercheurs*<\/p>\n<p>18h00: Ap\u00e9ro<\/p>\n<p>19h00: \u00ab\u00a0Qu&rsquo;est-ce que le temps\u00a0\u00bb, mise en sc\u00e8ne Denis GUENOUN<\/p>\n<p><strong>Samedi 15 octobre 2016<\/strong><\/p>\n<p>10h00 : Colloque de chercheurs*<\/p>\n<p>17h00: Table ronde<\/p>\n<p>18h00: Ap\u00e9ro<\/p>\n<p>19h00: \u00ab\u00a0Socrate, dors-tu?\u00a0\u00bb mise en sc\u00e8ne Les Ma\u00eetres de la Caverne<\/p>\n<p>21h30 : Fin du colloque<\/p>\n<p>! Inscriptions pour stage, atelier, colloque d&rsquo;\u00e9tudiants et de chercheurs aupr\u00e8s de : michael.groneberg@unil.ch<\/p>\n<p>Les d\u00e9tails du programme seront communiqu\u00e9s et actualis\u00e9s sur <a href=\"https:\/\/lepenserdelascene.wordpress.com\/programme\/\">le blog du colloque<\/a> ainsi que sur le site de la section de philosophie de l\u2019UNIL<\/p>\n","protected":false},"excerpt":{"rendered":"<p>Colloque transdisciplinaire du 13 au 15 octobre 2016 organis\u00e9 par Michael Groneberg au Th\u00e9\u00e2tre la Grange de Dorigny.<\/p>\n","protected":false},"author":1001005,"featured_media":4092,"comment_status":"closed","ping_status":"open","sticky":false,"template":"","format":"standard","meta":{"_seopress_robots_primary_cat":"","_seopress_titles_title":"","_seopress_titles_desc":"","_seopress_robots_index":"","footnotes":""},"categories":[16],"tags":[],"class_list":["post-4072","post","type-post","status-publish","format-standard","has-post-thumbnail","category-news"],"_links":{"self":[{"href":"https:\/\/www.asso-unil.ch\/caverne\/wp-json\/wp\/v2\/posts\/4072","targetHints":{"allow":["GET"]}}],"collection":[{"href":"https:\/\/www.asso-unil.ch\/caverne\/wp-json\/wp\/v2\/posts"}],"about":[{"href":"https:\/\/www.asso-unil.ch\/caverne\/wp-json\/wp\/v2\/types\/post"}],"author":[{"embeddable":true,"href":"https:\/\/www.asso-unil.ch\/caverne\/wp-json\/wp\/v2\/users\/1001005"}],"replies":[{"embeddable":true,"href":"https:\/\/www.asso-unil.ch\/caverne\/wp-json\/wp\/v2\/comments?post=4072"}],"version-history":[{"count":0,"href":"https:\/\/www.asso-unil.ch\/caverne\/wp-json\/wp\/v2\/posts\/4072\/revisions"}],"wp:featuredmedia":[{"embeddable":true,"href":"https:\/\/www.asso-unil.ch\/caverne\/wp-json\/wp\/v2\/media\/4092"}],"wp:attachment":[{"href":"https:\/\/www.asso-unil.ch\/caverne\/wp-json\/wp\/v2\/media?parent=4072"}],"wp:term":[{"taxonomy":"category","embeddable":true,"href":"https:\/\/www.asso-unil.ch\/caverne\/wp-json\/wp\/v2\/categories?post=4072"},{"taxonomy":"post_tag","embeddable":true,"href":"https:\/\/www.asso-unil.ch\/caverne\/wp-json\/wp\/v2\/tags?post=4072"}],"curies":[{"name":"wp","href":"https:\/\/api.w.org\/{rel}","templated":true}]}}