{"id":4048,"date":"2016-04-25T12:05:36","date_gmt":"2016-04-25T10:05:36","guid":{"rendered":"http:\/\/www.asso-unil.ch\/caverne\/?p=4048"},"modified":"2018-01-23T12:25:07","modified_gmt":"2018-01-23T11:25:07","slug":"dialektike-au-fecule","status":"publish","type":"post","link":"https:\/\/www.asso-unil.ch\/caverne\/2016\/04\/dialektike-au-fecule\/","title":{"rendered":"Dialektik\u00ea au F\u00e9cule"},"content":{"rendered":"<p>Il s&rsquo;agit d&rsquo;une pi\u00e8ce \u00e9crite et mise en sc\u00e8ne par Margot Prod&rsquo;hom et Bilal Elhaouari. Elle sera jou\u00e9e le 4 mai 2016, lors du <a href=\"https:\/\/wp.unil.ch\/fecule\/\">F\u00e9cule Festival<\/a>,&nbsp; et le 7 juin 2016 au Th\u00e9\u00e2tre la Grange de Dorigny.<!--more--><\/p>\n<p><img loading=\"lazy\" decoding=\"async\" src=\"https:\/\/www.zupimages.net\/up\/17\/42\/r688.jpg\" width=\"566\" height=\"800\"><\/p>\n<h6>R\u00e9sum\u00e9 du spectacle<\/h6>\n<p>Tout commence par une naissance. Sur sc\u00e8ne, deux esprits naissent \u00e0 eux-m\u00eame, ils prennent conscience de leurs corps et de l&rsquo;espace sc\u00e9nique qui leur est offert. Cette naissance pr\u00e9c\u00e8de celle du langage, qui permettra des rapports interpersonnels plus \u00e9labor\u00e9s : la pens\u00e9e est d&rsquo;abord embryonnaire, intrins\u00e8que, et par cons\u00e9quent, a-verbale. Les deux personnages d\u00e9couvrent enfin l&rsquo;alt\u00e9rit\u00e9, cet Autre avec qui ils vont devoir coexister, jouer. Une rencontre qui s&rsquo;av\u00e8re \u00e0 la fois merveilleuse et effrayante : le chiffre deux, de mani\u00e8re inh\u00e9rente, donne lieu \u00e0 un rapport hi\u00e9rarchique. Chacun va devoir accepter son r\u00f4le dans le jeu. Mais la variable humaine, au th\u00e9\u00e2tre comme dans la vie, consiste en une fluctuation d&rsquo;interactions et implique donc des processus de rupture d&rsquo;\u00e9quilibres. La distribution des r\u00f4les se renverse.<\/p>\n<p>Deux com\u00e9diens sont n\u00e9s.<\/p>\n<p>La pr\u00e9paration de la pi\u00e8ce peut commencer. Le metteur en sc\u00e8ne convoque les com\u00e9diens pour faire une premi\u00e8re lecture et leur pr\u00e9senter son projet. La pens\u00e9e prend forme : elle se met en mots. Huit mois se sont \u00e9coul\u00e9s, c&rsquo;est le jour de la r\u00e9p\u00e9tition g\u00e9n\u00e9rale. Les personnages prennent vie sur le plateau. Les com\u00e9diens sont interrompus ponctuellement par le metteur en sc\u00e8ne qui intervient pour leur faire part de ses derni\u00e8res recommandations. La pi\u00e8ce a \u00e9t\u00e9 jou\u00e9e. La fiction est n\u00e9e.<\/p>\n<p>Les com\u00e9diens se retrouvent en coulisses sous les applaudissements : c&rsquo;est le retour \u00e0 la r\u00e9alit\u00e9. Ils \u00e9changent leurs premi\u00e8res impressions et se f\u00e9licitent d&rsquo;avoir men\u00e9 \u00e0 bien leur projet. Sur sc\u00e8ne, il n&rsquo;y a plus que des personnes.<\/p>\n<p>Les auteurs sont n\u00e9s.<\/p>\n<h6>Note d&rsquo;intention artistique<\/h6>\n<p>Notre pi\u00e8ce a vu le jour \u00e0 partir d&rsquo;une r\u00e9flexion sur les rapports interpersonnels de libert\u00e9 et de contrainte au th\u00e9\u00e2tre. Le premier acte est une forme d&rsquo;abstraction, de r\u00e9flexion philosophique muette &#8211; rien qu&rsquo;en actes &#8211; de ce qui sera mis en mots et en fction dans le deuxi\u00e8me; la parole y est corporelle. En s&rsquo;inspirant de La Ph\u00e9nom\u00e9nologie de l&rsquo;esprit de Hegel, nous avons cherch\u00e9 \u00e0 donner corps \u00e0 la dialectique que celui-ci th\u00e9orise entre ma\u00eetres et esclaves. Nous questionnons la dialectique inh\u00e9rente \u00e0 ces rapports, exp\u00e9rimentant les liens intersubjectifs qui peuvent se trouver \u00e9quilibr\u00e9s, d&rsquo;une certaine mani\u00e8re, dans le th\u00e9\u00e2tre post-moderne, au travers de la mutualit\u00e9, de l&rsquo;\u00e9change et de la communication qui s&rsquo;\u00e9tablit entre les diff\u00e9rentes instances du th\u00e9\u00e2tre. Ce dernier se veut fondamentalement \u00e9change, construction mutuelle de sens entre un texte et des corps, entre un metteur en sc\u00e8ne et des com\u00e9diens, entre des personnages et un public. Nous nous interrogeons sur les strat\u00e9gies qui peuvent permettre de ramener les individus qui composent le th\u00e9\u00e2tre sur un pied d&rsquo;\u00e9galit\u00e9 &#8211; entre libert\u00e9s et contraintes &#8211; mais aussi sur ce qui fait que, irr\u00e9m\u00e9diablement, le th\u00e9\u00e2tre est constitu\u00e9 par des rapports de forces qui ne cessent d&rsquo;\u00eatre n\u00e9goci\u00e9s; ce dont t\u00e9moigne la diff\u00e9rence entre le th\u00e9\u00e2tre d&rsquo;aujourd&rsquo;hui et celui d&rsquo;il y a un si\u00e8cle. Dans l&rsquo;acte premier, les corps miment la naissance d&rsquo;un individu et les \u00e9tapes (naissance de la conscience, la conscience du corps, la rencontre de l&rsquo;Autre, la peur de l&rsquo;Autre, l&rsquo;angoisse, la lutte, l&rsquo;asservissement et la rupture) par lesquelles il passe dans la d\u00e9couverte de soi, de l&rsquo;Autre et du monde. La rupture se r\u00e9p\u00e8te dans le renversement fnal, qu&rsquo;elle se retrouve \u00e0 la fn du deuxi\u00e8me acte : l&rsquo;esclave va s&rsquo;\u00e9manciper du ma\u00eetre en refusant de continuer \u00e0 rejouer leur pi\u00e8ce et l&rsquo;abandonne \u00e0 sa mort m\u00e9taphorique, \u00e0 la fin de son jeu : c&rsquo;est la fin de la partie.<\/p>\n<p>Le stade du premier acte &#8211; plus philosophique de part ses sources d&rsquo;inspirations et de part la volont\u00e9 qu&rsquo;il repr\u00e9sente d&rsquo;\u00e9tablir les fondements d&rsquo;une r\u00e9flexion &#8211; est finalement d\u00e9pass\u00e9 par le second, supplant\u00e9 par la fiction. Cette derni\u00e8re consiste en une mise en abyme de notre travail : elle met en sc\u00e8ne une mise en sc\u00e8ne. Le deuxi\u00e8me acte est plus complexe puisqu&rsquo;il imbrique diff\u00e9rents dialogues \u00e0 plusieurs niveaux de r\u00e9alit\u00e9 (le texte de Beckett, la mise en sc\u00e8ne de la mise en sc\u00e8ne et notre projet). Globalement, Dialektik\u00ea interroge la mani\u00e8re avec laquelle le th\u00e9\u00e2tre fait de la variable humaine son essence, dans un syst\u00e8me dynamique. La pi\u00e8ce s&rsquo;articule autour d&rsquo;une dimension m\u00e9ta-th\u00e9\u00e2trale, c&rsquo;est-\u00e0-dire autour d&rsquo;une r\u00e9flexion sur les interactions et les relations qui cr\u00e9ent le th\u00e9\u00e2tre, dans un mouvement dialectique entre libert\u00e9 et contrainte.<\/p>\n<p>&nbsp;<\/p>\n<p>&nbsp;<\/p>\n<p>&nbsp;<\/p>\n","protected":false},"excerpt":{"rendered":"<p>Il s&rsquo;agit d&rsquo;une pi\u00e8ce \u00e9crite et mise en sc\u00e8ne par Margot Prod&rsquo;hom et Bilal Elhaouari. Elle sera jou\u00e9e le 4 mai 2016, lors du F\u00e9cule Festival,&nbsp; et le 7 juin [&hellip;]<\/p>\n","protected":false},"author":1001005,"featured_media":0,"comment_status":"closed","ping_status":"open","sticky":false,"template":"","format":"standard","meta":{"_seopress_robots_primary_cat":"","_seopress_titles_title":"","_seopress_titles_desc":"","_seopress_robots_index":"","footnotes":""},"categories":[16],"tags":[],"class_list":["post-4048","post","type-post","status-publish","format-standard","category-news"],"_links":{"self":[{"href":"https:\/\/www.asso-unil.ch\/caverne\/wp-json\/wp\/v2\/posts\/4048","targetHints":{"allow":["GET"]}}],"collection":[{"href":"https:\/\/www.asso-unil.ch\/caverne\/wp-json\/wp\/v2\/posts"}],"about":[{"href":"https:\/\/www.asso-unil.ch\/caverne\/wp-json\/wp\/v2\/types\/post"}],"author":[{"embeddable":true,"href":"https:\/\/www.asso-unil.ch\/caverne\/wp-json\/wp\/v2\/users\/1001005"}],"replies":[{"embeddable":true,"href":"https:\/\/www.asso-unil.ch\/caverne\/wp-json\/wp\/v2\/comments?post=4048"}],"version-history":[{"count":0,"href":"https:\/\/www.asso-unil.ch\/caverne\/wp-json\/wp\/v2\/posts\/4048\/revisions"}],"wp:attachment":[{"href":"https:\/\/www.asso-unil.ch\/caverne\/wp-json\/wp\/v2\/media?parent=4048"}],"wp:term":[{"taxonomy":"category","embeddable":true,"href":"https:\/\/www.asso-unil.ch\/caverne\/wp-json\/wp\/v2\/categories?post=4048"},{"taxonomy":"post_tag","embeddable":true,"href":"https:\/\/www.asso-unil.ch\/caverne\/wp-json\/wp\/v2\/tags?post=4048"}],"curies":[{"name":"wp","href":"https:\/\/api.w.org\/{rel}","templated":true}]}}