{"id":3858,"date":"2015-05-06T22:39:04","date_gmt":"2015-05-06T20:39:04","guid":{"rendered":"http:\/\/www.asso-unil.ch\/caverne\/?p=3858"},"modified":"2018-01-23T12:26:27","modified_gmt":"2018-01-23T11:26:27","slug":"saison-2015-2016","status":"publish","type":"post","link":"https:\/\/www.asso-unil.ch\/caverne\/2015\/05\/saison-2015-2016\/","title":{"rendered":"Saison 2015-2016"},"content":{"rendered":"<p>Apr\u00e8s une exp\u00e9rience f\u00e9culienne 2015 plus que r\u00e9jouissante, les Ma\u00eetres de la Caverne sont heureux de vous d\u00e9voiler le nouveau th\u00e8me qui, nous l&rsquo;esp\u00e9rons, sera \u00e0 l&rsquo;origine de nombreuses cr\u00e9ations qui pourront \u00eatre pr\u00e9sent\u00e9es au printemps 2016.<!--more--><\/p>\n<h6>\u00ab&nbsp;Le troisi\u00e8me \u00e9l\u00e9ment \u2013 Entre au-del\u00e0 et entre-deux&nbsp;\u00bb&nbsp;<\/h6>\n<p>Des lacunes de v\u00e9rit\u00e9 \u2013 entre le vrai et le faux \u2013 aux questions d\u2019intergenre \u2013 entre m\u00e2le et femelle \u2013 la question de savoir s\u2019il existe une troisi\u00e8me possibilit\u00e9 entre deux extr\u00eames est r\u00e9currente. Mais nous devrions aussi nous demander si ce troisi\u00e8me \u00e9l\u00e9ment ne se trouve pas plut\u00f4t au-del\u00e0 des deux oppos\u00e9s dominants. Au-del\u00e0 du bien et du mal, du th\u00e9orique et du pratique, de la science et de la fiction, de l\u2019int\u00e9rieur et de l\u2019ext\u00e9rieur, de l\u2019\u00e9nergie et de la mati\u00e8re, ou bien entre les deux : qu\u2019y a-t-il l\u00e0, s\u2019il y a quelque chose ? Des lacunes, des ponts, des transitions, des circulations, des diffusions&#8230; ?<\/p>\n<p>A vos marteaux petits cr\u00e9ateurs!<\/p>\n","protected":false},"excerpt":{"rendered":"<p>Apr\u00e8s une exp\u00e9rience f\u00e9culienne 2015 plus que r\u00e9jouissante, les Ma\u00eetres de la Caverne sont heureux de vous d\u00e9voiler le nouveau th\u00e8me qui, nous l&rsquo;esp\u00e9rons, sera \u00e0 l&rsquo;origine de nombreuses cr\u00e9ations [&hellip;]<\/p>\n","protected":false},"author":1001005,"featured_media":0,"comment_status":"closed","ping_status":"open","sticky":false,"template":"","format":"standard","meta":{"_seopress_robots_primary_cat":"","_seopress_titles_title":"","_seopress_titles_desc":"","_seopress_robots_index":"","footnotes":""},"categories":[16],"tags":[],"class_list":["post-3858","post","type-post","status-publish","format-standard","category-news"],"_links":{"self":[{"href":"https:\/\/www.asso-unil.ch\/caverne\/wp-json\/wp\/v2\/posts\/3858","targetHints":{"allow":["GET"]}}],"collection":[{"href":"https:\/\/www.asso-unil.ch\/caverne\/wp-json\/wp\/v2\/posts"}],"about":[{"href":"https:\/\/www.asso-unil.ch\/caverne\/wp-json\/wp\/v2\/types\/post"}],"author":[{"embeddable":true,"href":"https:\/\/www.asso-unil.ch\/caverne\/wp-json\/wp\/v2\/users\/1001005"}],"replies":[{"embeddable":true,"href":"https:\/\/www.asso-unil.ch\/caverne\/wp-json\/wp\/v2\/comments?post=3858"}],"version-history":[{"count":0,"href":"https:\/\/www.asso-unil.ch\/caverne\/wp-json\/wp\/v2\/posts\/3858\/revisions"}],"wp:attachment":[{"href":"https:\/\/www.asso-unil.ch\/caverne\/wp-json\/wp\/v2\/media?parent=3858"}],"wp:term":[{"taxonomy":"category","embeddable":true,"href":"https:\/\/www.asso-unil.ch\/caverne\/wp-json\/wp\/v2\/categories?post=3858"},{"taxonomy":"post_tag","embeddable":true,"href":"https:\/\/www.asso-unil.ch\/caverne\/wp-json\/wp\/v2\/tags?post=3858"}],"curies":[{"name":"wp","href":"https:\/\/api.w.org\/{rel}","templated":true}]}}