{"id":3837,"date":"2015-04-30T11:46:27","date_gmt":"2015-04-30T09:46:27","guid":{"rendered":"http:\/\/www.asso-unil.ch\/caverne\/?p=3837"},"modified":"2018-01-23T12:27:40","modified_gmt":"2018-01-23T11:27:40","slug":"07-mai-2015-les-maitres-de-la-caverne-au-cafe-le-tunnel-fribourg","status":"publish","type":"post","link":"https:\/\/www.asso-unil.ch\/caverne\/2015\/04\/07-mai-2015-les-maitres-de-la-caverne-au-cafe-le-tunnel-fribourg\/","title":{"rendered":"07 mai 2015, Les Ma\u00eetres de la Caverne au Caf\u00e9 le Tunnel (Fribourg)"},"content":{"rendered":"<p>Retrouvez le 07 mai 2015, Les Ma\u00eetres de la Caverne, \u00e0 Fribourg, au Caf\u00e9 le Tunnel pour une soir\u00e9e anim\u00e9e.&nbsp;\u00ab\u00a0Construire &#8211; d\u00e9truire &#8211; faire r\u00e9sonner &#8211; enlever nos attaches: comment&nbsp; philosopher avec le marteau?\u00a0\u00bb<!--more--><\/p>\n<h6>Programme de la soir\u00e9e<\/h6>\n<p>Po\u00e9sie et Litt\u00e9rature: 18h45-19h30<br \/>\n&#8211; S&rsquo;entrelacer &#8211; Julien Bovier<br \/>\n&#8211; Synergie monadique &#8211; Simon Monseu et J\u00e9r\u00e9my Steiger<\/p>\n<p>Performances : 19h45 &#8211; 20h45<br \/>\n&#8211; Parenth\u00e8se situationniste &#8211; Oskar Coursin<br \/>\n&#8211; Le corps foucaldien &#8211; Margot Prod&rsquo;hom<\/p>\n<p>A partir de 21h00<br \/>\nVagabondage imaginaire, jeu de r\u00f4le &#8211; Gr\u00e9gory Thonney<br \/>\nA mi chemin entre le roman, le th\u00e9\u00e2tre et l&rsquo;improvisation<\/p>\n<p>Faire danser et faire parler le corps dans la Cave du Tunnel<\/p>\n<p>Retrouvez aussi la musique cosmique de Sylvain Papotto<br \/>\nLorsque la musique raconte et se raconte en se comparant aux principes de la physique<\/p>\n<p>\u00ab\u00a0Le Marteau Eclair\u00e9\u00a0\u00bb<br \/>\n<a href=\"https:\/\/www.cafeletunnel.ch\/Pratique\">Caf\u00e9 le Tunnel, Fribourg<\/a><br \/>\n<a href=\"https:\/\/www.cafeletunnel.ch\/Pratique\"> Grand-Rue 68<\/a><br \/>\n<a href=\"https:\/\/www.cafeletunnel.ch\/Pratique\"> 1700 Fribourg<\/a><br \/>\nD\u00e8s 18h30<\/p>\n<p><a href=\"https:\/\/www.facebook.com\/events\/1634770033419326\/\">Retrouvez l&rsquo;\u00e9v\u00e8nement sur facebook<\/a><br \/>\nLe <a href=\"https:\/\/myreader.toile-libre.org\/ProgrammeTunnel.pdf\">programme du tunnel<\/a> propos\u00e9 par Bouillon de Culture de janvier \u00e0 juillet 2015<\/p>\n","protected":false},"excerpt":{"rendered":"<p>Les Ma\u00eetres de la Caverne pr\u00e9sentent &#8230;au Caf\u00e9 le Tunnel \u00e0 Fribourg<\/p>\n","protected":false},"author":1001005,"featured_media":3850,"comment_status":"closed","ping_status":"open","sticky":false,"template":"","format":"standard","meta":{"_seopress_robots_primary_cat":"","_seopress_titles_title":"","_seopress_titles_desc":"","_seopress_robots_index":"","footnotes":""},"categories":[16],"tags":[],"class_list":["post-3837","post","type-post","status-publish","format-standard","has-post-thumbnail","category-news"],"_links":{"self":[{"href":"https:\/\/www.asso-unil.ch\/caverne\/wp-json\/wp\/v2\/posts\/3837","targetHints":{"allow":["GET"]}}],"collection":[{"href":"https:\/\/www.asso-unil.ch\/caverne\/wp-json\/wp\/v2\/posts"}],"about":[{"href":"https:\/\/www.asso-unil.ch\/caverne\/wp-json\/wp\/v2\/types\/post"}],"author":[{"embeddable":true,"href":"https:\/\/www.asso-unil.ch\/caverne\/wp-json\/wp\/v2\/users\/1001005"}],"replies":[{"embeddable":true,"href":"https:\/\/www.asso-unil.ch\/caverne\/wp-json\/wp\/v2\/comments?post=3837"}],"version-history":[{"count":0,"href":"https:\/\/www.asso-unil.ch\/caverne\/wp-json\/wp\/v2\/posts\/3837\/revisions"}],"wp:featuredmedia":[{"embeddable":true,"href":"https:\/\/www.asso-unil.ch\/caverne\/wp-json\/wp\/v2\/media\/3850"}],"wp:attachment":[{"href":"https:\/\/www.asso-unil.ch\/caverne\/wp-json\/wp\/v2\/media?parent=3837"}],"wp:term":[{"taxonomy":"category","embeddable":true,"href":"https:\/\/www.asso-unil.ch\/caverne\/wp-json\/wp\/v2\/categories?post=3837"},{"taxonomy":"post_tag","embeddable":true,"href":"https:\/\/www.asso-unil.ch\/caverne\/wp-json\/wp\/v2\/tags?post=3837"}],"curies":[{"name":"wp","href":"https:\/\/api.w.org\/{rel}","templated":true}]}}