{"id":959,"date":"2023-07-27T14:11:06","date_gmt":"2023-07-27T12:11:06","guid":{"rendered":"https:\/\/www.asso-unil.ch\/archipel\/?p=959"},"modified":"2023-07-27T14:19:44","modified_gmt":"2023-07-27T12:19:44","slug":"archipel-vous-souhaite-un-bel-ete-tandis-que-nous-commencons-notre-cueillette","status":"publish","type":"post","link":"https:\/\/www.asso-unil.ch\/archipel\/uncategorized\/archipel-vous-souhaite-un-bel-ete-tandis-que-nous-commencons-notre-cueillette\/","title":{"rendered":"Archipel vous souhaite un bel \u00e9t\u00e9 tandis que nous commen\u00e7ons notre cueillette!"},"content":{"rendered":"\n<p><em>Pendant que vous tournerez peut-\u00eatre les pages que nous vous recommandons ci-dessous, nous nous occupons avec la cueillette des textes de l&rsquo;appel, dont le succ\u00e8s nous a surpris! Nous remercions toutes les personnes qui nous ont \u00e9crit<\/em>, <em>qui devraient avoir re\u00e7u r\u00e9ponse (n&rsquo;h\u00e9sitez pas \u00e0 nous contacter si ce n&rsquo;est pas le cas!)<\/em><\/p>\n\n\n\n<p>Le Cep d&rsquo;\u00e9t\u00e9, l&rsquo;Amanite rougissante et la Girolle apparaissent : pas de doute, c&rsquo;est bien l&rsquo;\u00e9t\u00e9, dans les sous-bois comme sur les plages et les terrasses. En esp\u00e9rant que vous trouverez le temps et que vous aurez droit \u00e0 des vacances bien m\u00e9rit\u00e9es, le comit\u00e9 vous sugg\u00e8re une liste de lecture qui regroupe tous les titres que nous avons couverts cette ann\u00e9e, \u00e0 feuilleter en terrasse, \u00e0 la montagne, sur la plage, ou dans les transports en commun.&nbsp;<\/p>\n\n\n\n<p>Pour celles et ceux qui partent en vacances en voiture, et en famille : impossible ne pas vous recommander la lecture de l&rsquo;incroyable <a href=\"https:\/\/www.asso-unil.ch\/archipel\/compte-rendu\/vacance-en-famille\/\"><em>Villa Royale, <\/em>d&rsquo;Emmanuelle Fournier-Lorentz<\/a>. Des kilom\u00e8tres de route, de la jungle, des personnages attachants, du myst\u00e8re et des stations-services, il ravira autant les amateur\u00b7rice\u00b7s d&rsquo;histoires familiales compliqu\u00e9es que de romans policiers. Si l&rsquo;ambiance noire de ce premier roman ne vous satisfait pas, peut-\u00eatre serez-vous int\u00e9ress\u00e9 par <a href=\"https:\/\/www.asso-unil.ch\/archipel\/compte-rendu\/837\/\"><em>Les Vies de Chevrolet, <\/em>de Michel Layaz<\/a>, qui met en r\u00e9cit la trajectoire de l&rsquo;homme sous l&rsquo;inventeur du bolide. Toutes ces voitures pourraient aussi vous donner envie de feuilleter le <a href=\"https:\/\/www.asso-unil.ch\/archipel\/numero\/numero-44-roue-libre\/\">dernier num\u00e9ro Archipel, <em>Roue libre<\/em><\/a><em>, <\/em>qui s&rsquo;int\u00e9resse \u00e0 cet objet mythique et, nous l&rsquo;esp\u00e9rons \u00e0 l&rsquo;heure des canicules de plus en plus fr\u00e9quentes, en voie de disparition.&nbsp;<\/p>\n\n\n\n<p>L&rsquo;\u00e9t\u00e9, c&rsquo;est aussi l&rsquo;occasion de tra\u00eener, en tout cas pour les adolescent\u00b7e\u00b7s, lib\u00e9r\u00e9s soudain de l&rsquo;\u00e9cole dans les d\u00e9serts b\u00e9tonn\u00e9s des quartiers. C&rsquo;est ce que Salom\u00e9 Kiner raconte dans <a href=\"https:\/\/www.asso-unil.ch\/archipel\/compte-rendu\/lado-les-sens\/\">son excellent <em>Grande Couronne<\/em><\/a><em>, <\/em>qui aborde la vie d&rsquo;une adolescente coinc\u00e9e dans une banlieue pavillonnaire, entre consum\u00e9risme consolateur, travail du sexe et r\u00eaves d&rsquo;\u00e9chappatoires. Dans une veine tr\u00e8s diff\u00e9rente, mais dont l&rsquo;intrigue se d\u00e9roule aussi dans les affres de l&rsquo;adolescence en plein \u00e9t\u00e9, vous pourriez aussi lire le tr\u00e8s beau <a href=\"https:\/\/www.asso-unil.ch\/archipel\/compte-rendu\/temperatures-anormales\/\"><em>Milieu de l&rsquo;Horizon, <\/em>de Roland Buti, <\/a>qui raconte le quotidien d&rsquo;une famille paysanne suisse qui se d\u00e9lite dans une canicule \u00e9touffante. Le p\u00e8re, la m\u00e8re, et toutes les violences ; c&rsquo;est \u00e9galement \u00e0 ce th\u00e8me que s&rsquo;int\u00e9resse <a href=\"https:\/\/www.asso-unil.ch\/archipel\/compte-rendu\/sa-preferee\/\">Sarah Jolien-Fardel dans <em>Sa pr\u00e9f\u00e9r\u00e9e<\/em><\/a><em>, <\/em>qui raconte le parcours d&rsquo;une h\u00e9ro\u00efne qui fuit son p\u00e8re abusif et tente de s&rsquo;\u00e9manciper d&rsquo;un Valais \u00e9touffant.<\/p>\n\n\n\n<p>Mais aux foyers qui se d\u00e9truisent r\u00e9pondent aussi, dans nos suggestions, les foyers qui se construisent : dans son deuxi\u00e8me roman, <a href=\"https:\/\/www.asso-unil.ch\/archipel\/compte-rendu\/renaissances\/\"><em>Chesa Seraina, <\/em>Fanny Desarzens<\/a> narre la reconstruction d&rsquo;une maison familiale, un retour au sens de la vie qui passe par un chantier bien physique. Il y a aussi un go\u00fbt pour l&rsquo;insolite, qu&rsquo;il s&rsquo;agisse de parler d&rsquo;un personnage familial myst\u00e9rieux dans <a href=\"https:\/\/www.asso-unil.ch\/archipel\/compte-rendu\/un-oncle-dencre\/\"><em>D&rsquo;oncle <\/em>de Rebecca Gisler<\/a>, sorte d&rsquo;anatomie d&rsquo;un \u00eatre inclassable qui fascine la narratrice, ou dans <a href=\"https:\/\/www.asso-unil.ch\/archipel\/compte-rendu\/sempailler-avant-les-flammes\/\"><em>Tortues <\/em>de Bruno Pellegrino<\/a>, o\u00f9 la constitution du fond d&rsquo;archive d&rsquo;une \u00e9crivaine inconnue par un archiviste fait \u00e9galement venir \u00e0 la vie un personnage de papier insolite et touchant. Et enfin, dans <a href=\"https:\/\/www.asso-unil.ch\/archipel\/compte-rendu\/saisir-la-modernite\/\"><em>Absolument modernes !, <\/em>J\u00e9r\u00f4me Meizoz<\/a> nous propose l&rsquo;anatomie d&rsquo;une p\u00e9riode particuli\u00e8re, du Valais qui se modernise plus tardivement que le reste de la Suisse, passant ici d&rsquo;une situation particuli\u00e8re pour nous faire penser en g\u00e9n\u00e9ralit\u00e9.\u00a0Si tous ces petits romans ne vous paraissent que trop longs \u00e0 lire sur la plage, le recueil de <a href=\"https:\/\/www.asso-unil.ch\/archipel\/compte-rendu\/lamour-et-lamer\/\">Thibaux Mettraux, <em>De la postichit\u00e9 des fleurs<\/em><\/a><em>, <\/em>floral mais pas ennuyeux, pourra faire votre bonheur. <br>Si, enfin, tous ces r\u00e9cits dans le cadre suisse ne vous d\u00e9paysent pas assez, il ne nous reste qu&rsquo;\u00e0 vous conseiller le dernier roman de <a href=\"https:\/\/www.asso-unil.ch\/archipel\/compte-rendu\/du-sable-sous-les-dents\/\">Annie-Sophie Subilia, <em>L&rsquo;\u00c9pouse<\/em><\/a><em>, <\/em>qui raconte le quotidien d&rsquo;un couple suisse \u00e0 Gaza dans les ann\u00e9es 1970 par le point de l&rsquo;\u00e9pouse du conseiller humanitaire, ce qui offre un roman militant qui s&rsquo;infiltre dans nos pens\u00e9es comme du sable dans les chaussures, quand on rentre du lac (ou de la mer!) <\/p>\n\n\n\n<p>Bel \u00e9t\u00e9!<\/p>\n","protected":false},"excerpt":{"rendered":"<p>Pendant que vous tournerez peut-\u00eatre les pages que nous vous recommandons ci-dessous, nous nous occupons avec la cueillette des textes de l&rsquo;appel, dont le succ\u00e8s nous a surpris!&hellip;<\/p>\n","protected":false},"author":1001136,"featured_media":0,"comment_status":"closed","ping_status":"closed","sticky":false,"template":"","format":"standard","meta":{"_seopress_robots_primary_cat":"","_seopress_titles_title":"","_seopress_titles_desc":"","_seopress_robots_index":"","footnotes":""},"categories":[1],"tags":[],"class_list":{"0":"post-959","1":"post","2":"type-post","3":"status-publish","4":"format-standard","5":"has-post-thumbnail","7":"category-uncategorized"},"_links":{"self":[{"href":"https:\/\/www.asso-unil.ch\/archipel\/wp-json\/wp\/v2\/posts\/959","targetHints":{"allow":["GET"]}}],"collection":[{"href":"https:\/\/www.asso-unil.ch\/archipel\/wp-json\/wp\/v2\/posts"}],"about":[{"href":"https:\/\/www.asso-unil.ch\/archipel\/wp-json\/wp\/v2\/types\/post"}],"author":[{"embeddable":true,"href":"https:\/\/www.asso-unil.ch\/archipel\/wp-json\/wp\/v2\/users\/1001136"}],"replies":[{"embeddable":true,"href":"https:\/\/www.asso-unil.ch\/archipel\/wp-json\/wp\/v2\/comments?post=959"}],"version-history":[{"count":0,"href":"https:\/\/www.asso-unil.ch\/archipel\/wp-json\/wp\/v2\/posts\/959\/revisions"}],"wp:attachment":[{"href":"https:\/\/www.asso-unil.ch\/archipel\/wp-json\/wp\/v2\/media?parent=959"}],"wp:term":[{"taxonomy":"category","embeddable":true,"href":"https:\/\/www.asso-unil.ch\/archipel\/wp-json\/wp\/v2\/categories?post=959"},{"taxonomy":"post_tag","embeddable":true,"href":"https:\/\/www.asso-unil.ch\/archipel\/wp-json\/wp\/v2\/tags?post=959"}],"curies":[{"name":"wp","href":"https:\/\/api.w.org\/{rel}","templated":true}]}}