{"id":1065,"date":"2025-03-04T16:21:40","date_gmt":"2025-03-04T15:21:40","guid":{"rendered":"https:\/\/www.asso-unil.ch\/archipel\/?p=1065"},"modified":"2025-11-05T16:59:44","modified_gmt":"2025-11-05T15:59:44","slug":"lepopee-du-vivant","status":"publish","type":"post","link":"https:\/\/www.asso-unil.ch\/archipel\/compte-rendu\/lepopee-du-vivant\/","title":{"rendered":"L&rsquo;\u00e9pop\u00e9e du vivant"},"content":{"rendered":"\n<p><strong>Compte-rendu de: La folle Avoine,<a href=\"https:\/\/artfiction.ch\/produit\/le-cri-du-geai-espace-sous-occupations-sensibles\/\"> <em>Le cri du geai. Espaces sous occupations sensibles<\/em><\/a>, Lausanne, art&amp;fiction, coll. Pacific\/\/Terrain, 2024.<\/strong><\/p>\n\n\n\n<p>Sorti \u00e0 l\u2019\u00e9t\u00e9 2024 chez art&amp;fiction, <em>Le cri du geai <\/em>est le troisi\u00e8me ouvrage publi\u00e9 dans la jeune collection Pacific\/\/Terrain, qui invite les artistes \u00e0 mettre en r\u00e9cit leurs recherches documentaires ou leurs exp\u00e9rimentations. En l\u2019occurrence, ce volume est issu du travail de Master r\u00e9alis\u00e9 \u00e0 l\u2019\u00c9cole de design et Haute \u00e9cole d\u2019art du Valais (\u00c9DH\u00c9A) par La folle Avoine, \u00ab&nbsp;entit\u00e9 artistique&nbsp;et sensible&nbsp;\u00bb derri\u00e8re laquelle se tient l\u2019autrice valaisanne Pauline Ammann. Le projet initial, dont le livre relate une partie de la gen\u00e8se, s\u2019articule autour d\u2019une installation con\u00e7ue au c\u0153ur de la ville de Neuch\u00e2tel. Intrigu\u00e9e par une place pav\u00e9e couverte de fientes, La folle Avoine d\u00e9couvre que des piques anti-pigeons dispos\u00e9es tout autour contraignent les malheureux volatiles \u00e0 s\u2019amasser sur les branches du seul arbre de la rue. Elle d\u00e9cide alors de renverser la logique en faisant retirer le mobilier urbain et les pav\u00e9s de la place, afin de permettre aux oiseaux d\u2019occuper librement le lieu. Ce sont donc ces d\u00e9marches que <em>Le cri du geai<\/em> met en sc\u00e8ne en int\u00e9grant de multiples supports, de la correspondance avec les autorit\u00e9s aux articles de journaux, des vers libres aux photographies personnelles, en passant par quelques citations qui explicitent le cadre de r\u00e9flexion politique, f\u00e9ministe et r\u00e9volutionnaire, de l\u2019autrice (Louise Michel, Grace Paley, Walter Benjamin\u2026).<\/p>\n\n\n\n<p>Si le livre prolonge et commente les travaux artistiques de La folle Avoine, en questionnant \u00e0 leur suite le concept d\u2019espace public et les dynamiques de pouvoir qui s\u2019y jouent, il fait en r\u00e9alit\u00e9 bien plus que cela. Loin de s\u2019en tenir au simple compte rendu d\u2019un projet, par ailleurs passionnant mais qui ne trouve son v\u00e9ritable sens qu\u2019au sein de l\u2019am\u00e9nagement urbain, <em>Le cri du geai<\/em> s\u2019impose comme une v\u00e9ritable proposition litt\u00e9raire. D\u00e8s la premi\u00e8re page, un avis \u00e0 l\u2019\u00ab&nbsp;animal humain francophone lettr\u00e9&nbsp;\u00bb (beaucoup plus amusant et inclusif que le classique \u00ab&nbsp;avis au lecteur&nbsp;\u00bb), contient une suggestion&nbsp;qui fait mouche : \u00ab&nbsp;L\u2019ouvrage que vous tenez entre \/ les mains a \u00e9t\u00e9 con\u00e7u dans un but \/ exp\u00e9rimental et po\u00e9tique. \/ Il n\u2019a pas su \u00eatre ma\u00eetris\u00e9 [\u2026] Peut-\u00eatre sera-t-il lu comme \/ une \u00e9pop\u00e9e. Je ne sais pas \u00bb (7). Si le livre appara\u00eet bien plus structur\u00e9 que ce que l\u2019autrice veut bien admettre \u2013 on pourrait d\u2019ailleurs questionner la pertinence du chapitrage \u2013, il se laisse effectivement d\u00e9couvrir comme un r\u00e9cit d\u2019aventures \u00e9pique et ludique. Seulement, ici, le cadre n\u2019est pas celui de quelque civilisation antique mais bien le syst\u00e8me administratif suisse. La menace \u00e0 d\u00e9fier s\u2019incarne dans les statues de personnages probl\u00e9matiques, \u00ab&nbsp;les vitrines des grandes firmes&nbsp;\u00bb et \u00ab&nbsp;les affiches publicitaires&nbsp;\u00bb (63) et les alli\u00e9s, modestes mais d\u2019un pr\u00e9cieux secours, ne sont autres que \u00ab&nbsp;les pigeons [qui] ont parl\u00e9 entre eux&nbsp;\u00bb (34) pour organiser la r\u00e9sistance, le chien Kontiki, une souris qui \u00ab&nbsp;dispara\u00ee[t] dans les herbes mouill\u00e9es&nbsp;\u00bb (70), ou encore la pluie qui tombe \u00ab&nbsp;sur tous les b\u00fbchers&nbsp;\u00bb (83).<\/p>\n\n\n\n<p>Entre les mailles de ce r\u00e9seau de motifs qui prolif\u00e8rent contre l\u2019immobilit\u00e9, l\u2019autrice s\u2019interroge \u00e9galement sur sa place et son impact en tant qu\u2019artiste citoyenne : \u00ab&nbsp;Moi, Suisse, privil\u00e9gi\u00e9e\u2026 \/ Aucun sens&nbsp;!&nbsp;\u00bb (107). Si l\u2019entit\u00e9 \u00ab&nbsp;La folle Avoine&nbsp;\u00bb lui sert \u00e0 ausculter sa d\u00e9marche avec une certaine distance, en utilisant la troisi\u00e8me personne, elle n\u2019h\u00e9site pas non plus \u00e0 dire son embarras lorsqu\u2019elle sent ressurgir son identit\u00e9 civile derri\u00e8re une \u00e9criture qu\u2019elle voudrait collective&nbsp;: \u00ab&nbsp;Il y a quelque chose qui m\u2019embarrasse et\u2026 \/ Je\u2026 \/ Non, pas je&nbsp;! \/ Toujours je\u2026&nbsp;\u00bb (106). Jouant avec les subjectivit\u00e9s autant qu\u2019avec les polices de caract\u00e8res (quatre au total), La folle Avoine grandit comme une plante vivace \u00e0 travers les supports et les mat\u00e9riaux qu\u2019elle rassemble. Parmi les projets artistiques qui se montent et les humains qui se rencontrent, on assiste donc, dans le cours d\u2019un livre qui se balance entre le politique et l\u2019infime, \u00e0 la formation d\u2019une (id)entit\u00e9 po\u00e9tique singuli\u00e8re. Au bout du compte, c\u2019est dans les derni\u00e8res pages qu\u2019Avoine parvient \u00e0 \u00e9clore pleinement, lorsqu\u2019elle se laisse dispara\u00eetre derri\u00e8re le vivant \u00e0 la faveur d\u2019une exaltation du mouvement migratoire, \u00ab&nbsp;notre force [\u2026] la plus puissante&nbsp;\u00bb (120), en quelques vers conclusifs qui se d\u00e9gustent comme \u00ab&nbsp;une derni\u00e8re bouch\u00e9e de c\u00e9r\u00e9ales&nbsp;\u00bb (104).<\/p>\n\n\n\n<p class=\"has-text-align-right\">Vincent Annen<\/p>\n\n\n\n<p class=\"has-text-align-right\"><em><sup>Image de couverture : <a href=\"https:\/\/artfiction.ch\/produit\/le-cri-du-geai-espace-sous-occupations-sensibles\/\">https:\/\/artfiction.ch\/produit\/le-cri-du-geai-espace-sous-occupations-sensibles\/<\/a><\/sup><\/em><\/p>\n","protected":false},"excerpt":{"rendered":"<p>Compte-rendu de: La folle Avoine, Le cri du geai. Espaces sous occupations sensibles, Lausanne, art&amp;fiction, coll. Pacific\/\/Terrain, 2024. Sorti \u00e0 l\u2019\u00e9t\u00e9 2024 chez art&amp;fiction, Le cri du geai&hellip;<\/p>\n","protected":false},"author":1001296,"featured_media":3511,"comment_status":"closed","ping_status":"closed","sticky":false,"template":"template-cover.php","format":"standard","meta":{"_seopress_robots_primary_cat":"","_seopress_titles_title":"","_seopress_titles_desc":"","_seopress_robots_index":"","footnotes":""},"categories":[9],"tags":[],"class_list":{"0":"post-1065","1":"post","2":"type-post","3":"status-publish","4":"format-standard","5":"has-post-thumbnail","7":"category-compte-rendu"},"_links":{"self":[{"href":"https:\/\/www.asso-unil.ch\/archipel\/wp-json\/wp\/v2\/posts\/1065","targetHints":{"allow":["GET"]}}],"collection":[{"href":"https:\/\/www.asso-unil.ch\/archipel\/wp-json\/wp\/v2\/posts"}],"about":[{"href":"https:\/\/www.asso-unil.ch\/archipel\/wp-json\/wp\/v2\/types\/post"}],"author":[{"embeddable":true,"href":"https:\/\/www.asso-unil.ch\/archipel\/wp-json\/wp\/v2\/users\/1001296"}],"replies":[{"embeddable":true,"href":"https:\/\/www.asso-unil.ch\/archipel\/wp-json\/wp\/v2\/comments?post=1065"}],"version-history":[{"count":3,"href":"https:\/\/www.asso-unil.ch\/archipel\/wp-json\/wp\/v2\/posts\/1065\/revisions"}],"predecessor-version":[{"id":3519,"href":"https:\/\/www.asso-unil.ch\/archipel\/wp-json\/wp\/v2\/posts\/1065\/revisions\/3519"}],"wp:featuredmedia":[{"embeddable":true,"href":"https:\/\/www.asso-unil.ch\/archipel\/wp-json\/wp\/v2\/media\/3511"}],"wp:attachment":[{"href":"https:\/\/www.asso-unil.ch\/archipel\/wp-json\/wp\/v2\/media?parent=1065"}],"wp:term":[{"taxonomy":"category","embeddable":true,"href":"https:\/\/www.asso-unil.ch\/archipel\/wp-json\/wp\/v2\/categories?post=1065"},{"taxonomy":"post_tag","embeddable":true,"href":"https:\/\/www.asso-unil.ch\/archipel\/wp-json\/wp\/v2\/tags?post=1065"}],"curies":[{"name":"wp","href":"https:\/\/api.w.org\/{rel}","templated":true}]}}